{"id":120,"date":"2014-12-01T00:00:00","date_gmt":"2014-11-30T23:00:00","guid":{"rendered":"https:\/\/aitia.fr\/erd\/?p=120"},"modified":"2015-09-10T22:10:52","modified_gmt":"2015-09-10T20:10:52","slug":"prelude-a-leffondrement-general-du-systeme","status":"publish","type":"post","link":"https:\/\/aitia.fr\/erd\/prelude-a-leffondrement-general-du-systeme\/","title":{"rendered":"Pr\u00e9lude \u00e0 l&#8217;effondrement g\u00e9n\u00e9ral du syst\u00e8me"},"content":{"rendered":"<div id=\"attachment_1822\" style=\"width: 210px\" class=\"wp-caption alignleft\"><a href=\"https:\/\/aitia.fr\/erd\/wp-content\/uploads\/2015\/02\/PEGS.jpg\"><img aria-describedby=\"caption-attachment-1822\" decoding=\"async\" loading=\"lazy\" class=\"size-full wp-image-1822\" src=\"https:\/\/aitia.fr\/erd\/wp-content\/uploads\/2015\/02\/PEGS.jpg\" alt=\"pr\u00e9sident Ahmadinejad, T\u00e9h\u00e9ran, 2007\" width=\"200\" height=\"200\" srcset=\"https:\/\/aitia.fr\/erd\/wp-content\/uploads\/2015\/02\/PEGS.jpg 200w, https:\/\/aitia.fr\/erd\/wp-content\/uploads\/2015\/02\/PEGS-150x150.jpg 150w\" sizes=\"(max-width: 200px) 100vw, 200px\" \/><\/a><p id=\"caption-attachment-1822\" class=\"wp-caption-text\">pr\u00e9sident Ahmadinejad, T\u00e9h\u00e9ran, printemps 2007<\/p><\/div>\n<p style=\"text-align: justify;\">Certaines personnes croient encore qu&#8217;en regardant le journal t\u00e9l\u00e9vis\u00e9 (ou en \u00e9coutant la radio) elles s&#8217;informent sur les nouvelles du monde. C&#8217;est faux : elles s&#8217;intoxiquent avec des mensonges calibr\u00e9s en fonction des besoins du moment d\u00e9finis par le pouvoir en place.<\/p>\n<p style=\"text-align: justify;\">La preuve en images, avec une interview r\u00e9alis\u00e9e par des journalistes tr\u00e8s connus le 22 mars 2007, mais jamais diffus\u00e9e telle quelle\u00a0(seule le fut\u00a0<a title=\"interview Ahmadinejad diffus\u00e9e par France2\" href=\"https:\/\/www.dailymotion.com\/video\/k6fH5nj0JgBcM6aWqg\" target=\"_blank\">une s\u00e9lection de s\u00e9quences<\/a>\u00a0de 7 minutes dont vous pouvez juger de la repr\u00e9sentativit\u00e9). Pourquoi ? Sans doute parce que le tyran fanatique que nos journalistes \u00e9taient cens\u00e9s nous pr\u00e9senter se r\u00e9v\u00e8le en d\u00e9finitive d&#8217;une humanit\u00e9 et d&#8217;une droiture morale d\u00e9sarmantes.<\/p>\n<p style=\"text-align: justify;\"><!--more--><\/p>\n<p style=\"text-align: center;\"><iframe loading=\"lazy\" src=\"\/\/www.youtube.com\/embed\/J-riq9Ucpus?rel=0\" width=\"480\" height=\"360\" frameborder=\"0\" allowfullscreen=\"allowfullscreen\"><\/iframe><\/p>\n<p style=\"text-align: center;\">source : <a title=\"Franco Persia (cha\u00eene YouTube)\" href=\"https:\/\/www.youtube.com\/channel\/UCpGsoQ7kRLyXuHdkukneTng\" target=\"_blank\">Franco Persia<\/a> via Quenel+<\/p>\n","protected":false},"excerpt":{"rendered":"<p>Certaines personnes croient encore qu&#8217;en regardant le journal t\u00e9l\u00e9vis\u00e9 (ou en \u00e9coutant la radio) elles s&#8217;informent sur les nouvelles du monde. C&#8217;est faux : elles s&#8217;intoxiquent avec des mensonges calibr\u00e9s en fonction des besoins du moment d\u00e9finis par le pouvoir en place. La preuve en images, avec une interview r\u00e9alis\u00e9e par des journalistes tr\u00e8s connus [&hellip;]<\/p>\n","protected":false},"author":1,"featured_media":0,"comment_status":"open","ping_status":"open","sticky":false,"template":"","format":"standard","meta":[],"categories":[133,29],"tags":[57,54,53,20,55,56],"_links":{"self":[{"href":"https:\/\/aitia.fr\/erd\/wp-json\/wp\/v2\/posts\/120"}],"collection":[{"href":"https:\/\/aitia.fr\/erd\/wp-json\/wp\/v2\/posts"}],"about":[{"href":"https:\/\/aitia.fr\/erd\/wp-json\/wp\/v2\/types\/post"}],"author":[{"embeddable":true,"href":"https:\/\/aitia.fr\/erd\/wp-json\/wp\/v2\/users\/1"}],"replies":[{"embeddable":true,"href":"https:\/\/aitia.fr\/erd\/wp-json\/wp\/v2\/comments?post=120"}],"version-history":[{"count":21,"href":"https:\/\/aitia.fr\/erd\/wp-json\/wp\/v2\/posts\/120\/revisions"}],"predecessor-version":[{"id":4121,"href":"https:\/\/aitia.fr\/erd\/wp-json\/wp\/v2\/posts\/120\/revisions\/4121"}],"wp:attachment":[{"href":"https:\/\/aitia.fr\/erd\/wp-json\/wp\/v2\/media?parent=120"}],"wp:term":[{"taxonomy":"category","embeddable":true,"href":"https:\/\/aitia.fr\/erd\/wp-json\/wp\/v2\/categories?post=120"},{"taxonomy":"post_tag","embeddable":true,"href":"https:\/\/aitia.fr\/erd\/wp-json\/wp\/v2\/tags?post=120"}],"curies":[{"name":"wp","href":"https:\/\/api.w.org\/{rel}","templated":true}]}}