{"id":11983,"date":"2018-12-25T08:17:29","date_gmt":"2018-12-25T07:17:29","guid":{"rendered":"https:\/\/aitia.fr\/erd\/?p=11983"},"modified":"2018-12-25T08:41:13","modified_gmt":"2018-12-25T07:41:13","slug":"le-regime-electocratique-a-vecu-le-saker-francophone","status":"publish","type":"post","link":"https:\/\/aitia.fr\/erd\/le-regime-electocratique-a-vecu-le-saker-francophone\/","title":{"rendered":"Le r\u00e9gime \u00e9lectocratique a v\u00e9cu (le saker francophone)"},"content":{"rendered":"<p style=\"text-align: justify;\"><i><a href=\"https:\/\/aitia.fr\/erd\/wp-content\/uploads\/2018\/12\/E\u0301lectocratie.jpg\" target=\"_blank\" rel=\"noopener\"><img decoding=\"async\" loading=\"lazy\" class=\"alignleft wp-image-11994 size-full\" src=\"https:\/\/aitia.fr\/erd\/wp-content\/uploads\/2018\/12\/E\u0301lectocratie-re\u0301duit.jpeg\" alt=\"\" width=\"460\" height=\"259\" srcset=\"https:\/\/aitia.fr\/erd\/wp-content\/uploads\/2018\/12\/E\u0301lectocratie-re\u0301duit.jpeg 460w, https:\/\/aitia.fr\/erd\/wp-content\/uploads\/2018\/12\/E\u0301lectocratie-re\u0301duit-300x169.jpeg 300w\" sizes=\"(max-width: 460px) 100vw, 460px\" \/><\/a><\/i>[<em>Note de l&#8217;administrateur de ce blog : il arrive aussi au saker francophone de publier de la daube \u00e9labor\u00e9e, comme la r\u00e9cente et interminable saga sur le 11 Septembre (ici en <a href=\"https:\/\/lesakerfrancophone.fr\/wp-content\/uploads\/2018\/12\/pentagone_la_theorie_d_un_complot.pdf\" target=\"_blank\" rel=\"noopener\">un fichier PDF<\/a>), \u0153uvre d&#8217;un retrait\u00e9 en manque d&#8217;occupation (voir <a href=\"https:\/\/lesakerfrancophone.fr\/pentagone-ou-la-theorie-dun-complot-11b11\" target=\"_blank\" rel=\"noopener\">ici les commentaires<\/a> de &#8220;Michel Straugof&#8221;, son auteur), que je n&#8217;ai pas eu le courage de lire in extenso. Elle comporte quand m\u00eame des indices int\u00e9ressants sur les acteurs, mais pour les moyens employ\u00e9s, n&#8217;esp\u00e9rez rien qui r\u00e9siste aux lois de la physique. <\/em><\/p>\n<p style=\"text-align: justify;\"><em>Avec ce court article par contre, anonyme (\u00e0 part qu&#8217;il est jaune fluo), on est \u00e0 l&#8217;oppos\u00e9 : c&#8217;est du clair, net et pr\u00e9cis, alors ne nous en privons pas. Remarque : j&#8217;ai laiss\u00e9 le &#8220;animique&#8221; du texte original \u00e0 la fin de mon extrait, mais je penche pour &#8220;an\u00e9mique&#8221; et pour une coquille.<br \/>\n<\/em><\/p>\n<p style=\"text-align: justify;\"><em>La part droite du montage photographique illustre la disparition m\u00e9diatique officielle de <a href=\"https:\/\/fr.wikipedia.org\/wiki\/Nikola%C3%AF_Iejov\" target=\"_blank\" rel=\"noopener\">Nikola\u00ef Iejov<\/a>, chef du <a href=\"https:\/\/fr.wikipedia.org\/wiki\/NKVD\" target=\"_blank\" rel=\"noopener\">NKVD<\/a>, entre 1937 (photo du haut) et 1939 (photo du bas), pr\u00e9c\u00e9dant son ex\u00e9cution sur ordre de Staline et <a href=\"https:\/\/fr.wikipedia.org\/wiki\/Lavrenti_Beria\" target=\"_blank\" rel=\"noopener\">Beria<\/a> en 1940.<\/em>]<\/p>\n<hr \/>\n<p style=\"text-align: justify;\"><i>Par un gilet jaune tir\u00e9 au sort \u2212 Le 17 d\u00e9cembre 2018<\/i><\/p>\n<p style=\"text-align: justify;\"><i><strong>Il n\u2019est pas toujours ais\u00e9 d\u2019identifier la seconde exacte o\u00f9 un r\u00e9gime politique finit et laisse la place \u00e0 quelque chose de nouveau. La chute d\u2019une lame sur la nuque de Louis XVI le 21 janvier 1793 a-t-elle marqu\u00e9 le passage de l\u2019ancien r\u00e9gime aristocratique au nouveau r\u00e9gime aristocratique, ci-devant r\u00e9gime \u00e9lectocratique ? Difficile \u00e0 dire. Par contre, nous sommes quelque part des privil\u00e9gi\u00e9s car le 15 d\u00e9cembre 2018 nous avons pu \u00eatre t\u00e9moins, \u00e0 dix-neuf heures, quatre minutes et sept secondes, du moment pr\u00e9cis ou l\u2019\u00e9lectocratie a bascul\u00e9 en \u00e9lectocrature.<\/strong><\/i><\/p>\n<p><em>\u00ab\u00a0Retour au calme \u00e0 Paris\u00a0\u00bb<\/em><\/p>\n<p style=\"text-align: justify;\"><a href=\"https:\/\/francais.rt.com\/france\/56953-gilets-jaunes-mot-degage-disparait-pancarte-anti-macron-jt-france-3\" target=\"_blank\" rel=\"noopener\">RT France<\/a>, le m\u00e9dia accus\u00e9 par Macron de diffuser des fausses nouvelles et, de ce fait, interdit d\u2019acc\u00e8s \u00e0 l\u2019\u00c9lys\u00e9e, nous raconte la m\u00e9saventure, somme toute cocasse, des auteurs intellectuels du journal t\u00e9l\u00e9vis\u00e9 19\/20 \u00e9mis par la cha\u00eene publique France 3 au soir de l\u2019acte V de la r\u00e9volte des gilets jaunes. Parmi les images qui d\u00e9filaient comme toile de fond derri\u00e8re la pr\u00e9sentatrice, on a pu voir un clich\u00e9 pris devant l\u2019Op\u00e9ra par Geoffroy Van der Hasselt, photographe de l\u2019AFP. Or il y a avait une pancarte vraiment \u00e9trange, avec MACRON \u00e9crit en grandes lettres sur la moiti\u00e9 sup\u00e9rieure et la moiti\u00e9 inf\u00e9rieure en blanc.<\/p>\n<p><em>\u00ab\u00a0Une personne op\u00e9rationnelle est intervenue\u00a0\u00bb<\/em><\/p>\n<p style=\"text-align: justify;\">Il se trouve qu\u2019une personne, \u00e0 ce qu\u2019il parait une personne op\u00e9rationnelle, avait pris soin d\u2019effacer le mot D\u00c9GAGE \u00e9crit sur la moiti\u00e9 inf\u00e9rieure de ladite pancarte. On conviendra sans effort que ladite personne, toute op\u00e9rationnelle qu\u2019elle est, n\u2019est pas tr\u00e8s maligne, mais elle a sans doute d\u2019autres m\u00e9rites, comme par exemple celui non n\u00e9gligeable d\u2019\u00eatre encart\u00e9e d\u00e8s la premi\u00e8re heure \u00e0 La R\u00e9publique En Marche. En somme, une petite main du syst\u00e8me LREM, une petite frappe, mais qui faisait bien partie de la r\u00e9daction de France 3 et qui nous permet de jeter un coup d\u2019\u0153il sur l\u2019\u00e9tat animique des troupes macroniennes.<\/p>\n<p><a href=\"https:\/\/lesakerfrancophone.fr\/le-regime-electocratique-a-vecu\" target=\"_blank\" rel=\"noopener\">Continuer la lecture sur le saker francophone \u2192<\/a><\/p>\n","protected":false},"excerpt":{"rendered":"<p>[Note de l&#8217;administrateur de ce blog : il arrive aussi au saker francophone de publier de la daube \u00e9labor\u00e9e, comme la r\u00e9cente et interminable saga sur le 11 Septembre (ici en un fichier PDF), \u0153uvre d&#8217;un retrait\u00e9 en manque d&#8217;occupation (voir ici les commentaires de &#8220;Michel Straugof&#8221;, son auteur), que je n&#8217;ai pas eu le [&hellip;]<\/p>\n","protected":false},"author":1,"featured_media":0,"comment_status":"open","ping_status":"open","sticky":false,"template":"","format":"standard","meta":[],"categories":[4,134,5,29],"tags":[1091,1090,1068,31,20,48,12],"_links":{"self":[{"href":"https:\/\/aitia.fr\/erd\/wp-json\/wp\/v2\/posts\/11983"}],"collection":[{"href":"https:\/\/aitia.fr\/erd\/wp-json\/wp\/v2\/posts"}],"about":[{"href":"https:\/\/aitia.fr\/erd\/wp-json\/wp\/v2\/types\/post"}],"author":[{"embeddable":true,"href":"https:\/\/aitia.fr\/erd\/wp-json\/wp\/v2\/users\/1"}],"replies":[{"embeddable":true,"href":"https:\/\/aitia.fr\/erd\/wp-json\/wp\/v2\/comments?post=11983"}],"version-history":[{"count":13,"href":"https:\/\/aitia.fr\/erd\/wp-json\/wp\/v2\/posts\/11983\/revisions"}],"predecessor-version":[{"id":11998,"href":"https:\/\/aitia.fr\/erd\/wp-json\/wp\/v2\/posts\/11983\/revisions\/11998"}],"wp:attachment":[{"href":"https:\/\/aitia.fr\/erd\/wp-json\/wp\/v2\/media?parent=11983"}],"wp:term":[{"taxonomy":"category","embeddable":true,"href":"https:\/\/aitia.fr\/erd\/wp-json\/wp\/v2\/categories?post=11983"},{"taxonomy":"post_tag","embeddable":true,"href":"https:\/\/aitia.fr\/erd\/wp-json\/wp\/v2\/tags?post=11983"}],"curies":[{"name":"wp","href":"https:\/\/api.w.org\/{rel}","templated":true}]}}