{"id":11975,"date":"2018-12-24T15:56:46","date_gmt":"2018-12-24T14:56:46","guid":{"rendered":"https:\/\/aitia.fr\/erd\/?p=11975"},"modified":"2018-12-24T20:35:10","modified_gmt":"2018-12-24T19:35:10","slug":"le-message-de-noel-de-gilad-atzmon-er","status":"publish","type":"post","link":"https:\/\/aitia.fr\/erd\/le-message-de-noel-de-gilad-atzmon-er\/","title":{"rendered":"Le message de No\u00ebl de Gilad Atzmon (E&#038;R)"},"content":{"rendered":"<p style=\"text-align: justify;\">[<em>Note de l&#8217;administrateur de ce blog : \u00e7a ne rime que visuellement, mais je n&#8217;h\u00e9site pas \u00e0 dire que dans l&#8217;Atzmon tout est bon. Merci \u00e0 lui et joyeux No\u00ebl \u00e0 tous, en c\u00e9l\u00e9brant ou pas la naissance de ce sacr\u00e9 r\u00e9volutionnaire juif qui n&#8217;a pas fini de faire parler de lui !<\/em><\/p>\n<p style=\"text-align: justify;\"><em>On pourra aussi l&#8217;\u00e9couter <a href=\"https:\/\/aitia.fr\/erd\/les-mots-creux-du-nouveau-maccarthysme\/\" target=\"_blank\" rel=\"noopener\">plus longuement ici<\/a> (\u00e0 la fin d&#8217;un l&#8217;article qui traite pr\u00e9cis\u00e9ment du m\u00eame probl\u00e8me) en discussion avec un autre homme de paix.<\/em>]<\/p>\n<hr \/>\n<p style=\"text-align: justify;\"><strong>Voici le <a href=\"https:\/\/www.gilad.co.uk\/writings\/2018\/12\/23\/gilad-atzmons-christmas-message-2018?fbclid=IwAR0wl0nlBbbkHb7_ezih2XMUEjq-Kz1budmRoDGsaud93VB_YUcXOsHpeq0\" target=\"_blank\" rel=\"noopener\">message de No\u00ebl<\/a> de Gilad Atzmon \u00e0 tous, \u00e0 ses d\u00e9tracteurs comme \u00e0 ses soutiens. Il fait suite \u00e0 la campagne de haine et de censure dont il est victime en Grande-Bretagne. <\/strong><\/p>\n<p style=\"text-align: center;\"><iframe loading=\"lazy\" src=\"https:\/\/www.youtube.com\/embed\/WwTWlKmQX2I\" width=\"560\" height=\"315\" frameborder=\"0\" allowfullscreen=\"allowfullscreen\"><\/iframe><\/p>\n<p style=\"text-align: justify;\"><strong>Bonjour tout le monde,<\/strong><\/p>\n<p style=\"text-align: justify;\">Je fais cette vid\u00e9o parce que, comme le savez probablement, je fais l\u2019objet d\u2019une campagne de diffamation particuli\u00e8rement abjecte.<\/p>\n<p style=\"text-align: justify;\">Nous avons vu les m\u00eames personnages attaquer George Galloway, Ken Livingstone, Assange et Corbyn. Me concernant, il s\u2019agit d\u2019une tentative d\u00e9lib\u00e9r\u00e9e pour annihiler mon existence, \u00e0 tel point que le lobby isra\u00e9lien, ainsi que certains \u00e9l\u00e9ments du Parti travailliste britannique livr\u00e9s \u00e0 la compromission, se sont ligu\u00e9s contre mon saxophone. Croyez-le ou non.<\/p>\n<p style=\"text-align: justify;\">Tout cela signifie probablement que je suis sur la bonne voie. Lorsque vous \u00eates soumis au feu anti-a\u00e9rien, cela veut simplement dire que vous vous trouvez au dessus de la cible.<\/p>\n<p style=\"text-align: justify;\">J\u2019ai r\u00e9alis\u00e9 cette vid\u00e9o aujourd\u2019hui afin de clarifier ma position et de contrer les mensonges grossiers qui sont r\u00e9pandus sur moi et mon travail dans les m\u00e9dias juifs tels que <i>Jewish Chronicle<\/i>, <i>Times of Israel<\/i>, etc.<\/p>\n<p style=\"text-align: justify;\">Tout d\u2019abord, soyons clairs. Cela fait vingt ans que j\u2019\u00e9cris \u00e0 propos de la politique de l\u2019identit\u00e9 juive. Malgr\u00e9 les accusations diffamatoires qui m\u2019ont \u00e9t\u00e9 imput\u00e9es, je n\u2019ai jamais critiqu\u00e9 les juifs, ou qui que ce soit d\u2019autre, en tant que race, personnes, ethnie ou au niveau de la biologie. Cela fait dix ans qu\u2019on m\u2019attribue, de mani\u00e8re quotidienne, l\u2019\u00e9tiquette d\u2019antis\u00e9mitisme. Cependant, pas une seule fois au cours de ma vie, je n\u2019ai eu \u00e0 r\u00e9pondre en justice par rapport \u00e0 tout ce qui concerne mes \u00e9crits ou mes paroles.<\/p>\n<p style=\"text-align: justify;\">Comment est-ce possible que je sois accus\u00e9 de racisme sans m\u00eame avoir \u00e9t\u00e9 inculp\u00e9 ou ne serait-ce qu\u2019interrog\u00e9 par la police sur les propos que j\u2019ai tenus, quels qu\u2019il soient\u00a0?<\/p>\n<p><a href=\"https:\/\/www.egaliteetreconciliation.fr\/Le-message-de-Noel-de-Gilad-Atzmon-53291.html\" target=\"_blank\" rel=\"noopener\">Continuer la lecture sur \u00c9galit\u00e9 &amp; R\u00e9conciliation \u2192<\/a><\/p>\n","protected":false},"excerpt":{"rendered":"<p>[Note de l&#8217;administrateur de ce blog : \u00e7a ne rime que visuellement, mais je n&#8217;h\u00e9site pas \u00e0 dire que dans l&#8217;Atzmon tout est bon. Merci \u00e0 lui et joyeux No\u00ebl \u00e0 tous, en c\u00e9l\u00e9brant ou pas la naissance de ce sacr\u00e9 r\u00e9volutionnaire juif qui n&#8217;a pas fini de faire parler de lui ! On pourra [&hellip;]<\/p>\n","protected":false},"author":1,"featured_media":0,"comment_status":"open","ping_status":"open","sticky":false,"template":"","format":"standard","meta":[],"categories":[4,134,133,29],"tags":[126,282,445,124,20,48,12,56],"_links":{"self":[{"href":"https:\/\/aitia.fr\/erd\/wp-json\/wp\/v2\/posts\/11975"}],"collection":[{"href":"https:\/\/aitia.fr\/erd\/wp-json\/wp\/v2\/posts"}],"about":[{"href":"https:\/\/aitia.fr\/erd\/wp-json\/wp\/v2\/types\/post"}],"author":[{"embeddable":true,"href":"https:\/\/aitia.fr\/erd\/wp-json\/wp\/v2\/users\/1"}],"replies":[{"embeddable":true,"href":"https:\/\/aitia.fr\/erd\/wp-json\/wp\/v2\/comments?post=11975"}],"version-history":[{"count":4,"href":"https:\/\/aitia.fr\/erd\/wp-json\/wp\/v2\/posts\/11975\/revisions"}],"predecessor-version":[{"id":11979,"href":"https:\/\/aitia.fr\/erd\/wp-json\/wp\/v2\/posts\/11975\/revisions\/11979"}],"wp:attachment":[{"href":"https:\/\/aitia.fr\/erd\/wp-json\/wp\/v2\/media?parent=11975"}],"wp:term":[{"taxonomy":"category","embeddable":true,"href":"https:\/\/aitia.fr\/erd\/wp-json\/wp\/v2\/categories?post=11975"},{"taxonomy":"post_tag","embeddable":true,"href":"https:\/\/aitia.fr\/erd\/wp-json\/wp\/v2\/tags?post=11975"}],"curies":[{"name":"wp","href":"https:\/\/api.w.org\/{rel}","templated":true}]}}