{"id":11730,"date":"2018-12-08T12:43:05","date_gmt":"2018-12-08T11:43:05","guid":{"rendered":"https:\/\/aitia.fr\/erd\/?p=11730"},"modified":"2018-12-08T13:50:40","modified_gmt":"2018-12-08T12:50:40","slug":"largent-dette-paul-grignon","status":"publish","type":"post","link":"https:\/\/aitia.fr\/erd\/largent-dette-paul-grignon\/","title":{"rendered":"L&#8217;argent dette (Paul Grignon)"},"content":{"rendered":"<p style=\"text-align: justify;\">[<em>Note de l&#8217;administrateur de ce blog : donnons aux Gilets jaunes les moyens de comprendre le sens profond de leur lutte. Qui n&#8217;est pas un conflit de type gauche-droite, ni \u00e9videmment un affrontement ethnique ou religieux &#8211; m\u00eame si certains <a href=\"https:\/\/www.egaliteetreconciliation.fr\/Zemmour-Ruffin-national-sionisme-face-a-islamo-gauchisme-53086.html\" target=\"_blank\" rel=\"noopener\">tentent de toutes leurs forces<\/a> de d\u00e9vier le conflit sur ce terrain &#8211; et n&#8217;est m\u00eame pas une lutte des pauvres contre les riches &#8211; l&#8217;extr\u00eame richesse de certains et l&#8217;extr\u00eame pauvret\u00e9 d&#8217;autres n&#8217;est qu&#8217;une cons\u00e9quence du probl\u00e8me \u00e0 r\u00e9soudre &#8211; mais une lutte de ceux qui travaillent durement et parviennent tout juste \u00e0 survivre, contre des parasites qui s&#8217;enrichissent sur leur dos.<\/em><\/p>\n<p style=\"text-align: justify;\"><em>Cet enrichissement ill\u00e9gitime &#8211; il y a des enrichissements l\u00e9gitimes, n&#8217;en d\u00e9plaise aux gauchistes bas du front &#8211; a deux instruments essentiels : l&#8217;outil <a href=\"https:\/\/aitia.fr\/erd\/le-nouveau-capitalisme-criminel\/\" target=\"_blank\" rel=\"noopener\">bancaire<\/a> et l&#8217;outil <a href=\"https:\/\/aitia.fr\/erd\/en-marche-ou-esbroufe-mediatique\/\" target=\"_blank\" rel=\"noopener\">m\u00e9diatique<\/a>, les instruments qui permettent de produire l\u00e9galement de la <a href=\"https:\/\/aitia.fr\/erd\/decryptage-du-systeme-economique-global-17-geopolitique-du-systeme-des-banques-centrales-le-saker-francophone\/\" target=\"_blank\" rel=\"noopener\">fausse monnaie<\/a> et de la <a href=\"https:\/\/aitia.fr\/erd\/esprit-critique-es-tu-la\/\" target=\"_blank\" rel=\"noopener\">fausse r\u00e9alit\u00e9<\/a>. Il faut y ajouter &#8211; mais vu le pouvoir acquis par les deux premiers, on peut les consid\u00e9rer comme de simples extensions non autonomes &#8211; les partis politiques et les institutions d&#8217;enseignement et de recherche, <a href=\"https:\/\/aitia.fr\/erd\/11-septembre-la-faillite-des-institutions\/\" target=\"_blank\" rel=\"noopener\">ayant failli<\/a> les uns comme les autres depuis longtemps \u00e0 leurs missions respectives de d\u00e9fense du bien commun et de la diffusion de la connaissance<span id='easy-footnote-1-11730' class='easy-footnote-margin-adjust'><\/span><span class='easy-footnote'><a href='https:\/\/aitia.fr\/erd\/largent-dette-paul-grignon\/#easy-footnote-bottom-1-11730' title='On remarquera que les universitaires multi-galonn\u00e9s semblent pour la plupart avoir renonc\u00e9 \u00e0 cet objectif, quand de &amp;#8220;simples&amp;#8221; professeurs du secondaire (J.-C. Mich\u00e9a, \u00c9. Chouard, ou encore &lt;a href=&quot;https:\/\/www.les-crises.fr\/gilets-jaunes-le-sens-dune-revolte-par-eric-juillot\/&quot; target=&quot;_blank&quot; rel=&quot;noopener&quot;&gt;\u00c9ric Juillot&lt;\/a&gt; (pour l&amp;#8217;instant inconnu du grand public) semblent d\u00e9cid\u00e9s \u00e0 leur faire honte.'><sup>1<\/sup><\/a><\/span>.<\/em><\/p>\n<p style=\"text-align: justify;\"><em>Toute l&#8217;\u00e9nergie des pouvoirs en place va consister \u00e0 d\u00e9tourner cette lutte de ses v\u00e9ritables enjeux, qui d\u00e9passent tr\u00e8s largement la France et sont des enjeux de civilisation. Tout <a href=\"https:\/\/chouard.org\/blog\/2018\/12\/07\/appel-des-gilets-jaunes-de-commercy-a-la-formation-dassemblees-populaires-nous-ne-nous-laisserons-pas-diriger-nous-ne-nous-laisserons-pas-diviser-et-recuperer\/\" target=\"_blank\" rel=\"noopener\">le g\u00e9nie du peuple fran\u00e7ais<\/a> devra se mobiliser pour sortir de cette crise par le haut &#8211; c&#8217;est-\u00e0-dire par l&#8217;\u00e9ducation, la culture et la diffusion <a href=\"https:\/\/www.kontrekulture.com\/achats-livres-subversifs\/26-comprendre-empire-alain-soral.html\" target=\"_blank\" rel=\"noopener\">d&#8217;id\u00e9es \u00e0 port\u00e9e universelle<\/a>, comme il a <a href=\"https:\/\/archive.org\/details\/delespritdeslois_anlo_1004_librivox\" target=\"_blank\" rel=\"noopener\">d\u00e9j\u00e0 su le faire<\/a> &#8211; sans tomber dans les m\u00eames pi\u00e8ges que ceux de 1789, qui fut une <a href=\"https:\/\/www.egaliteetreconciliation.fr\/Les-Gilets-jaunes-l-Ancien-regime-et-la-Revolution-53090.html\" target=\"_blank\" rel=\"noopener\">r\u00e9volution bourgeoise<\/a> au service de l&#8217;enrichissement rapide de quelques-uns et non l&#8217;\u00e9tablissement de <a href=\"https:\/\/www.dailymotion.com\/video\/x1fa64o\" target=\"_blank\" rel=\"noopener\">la d\u00e9mocratie<\/a> (pour une discussion tr\u00e8s approfondie sur la question, et en particulier sur les <strong>m\u00e9canismes in\u00e9luctables de la corruption des \u00e9lus<\/strong>, <a href=\"https:\/\/www.youtube.com\/watch?v=Jl7-sxSmEj4\" target=\"_blank\" rel=\"noopener\">voir ici<\/a>).<\/em>]<\/p>\n<hr \/>\n<p style=\"text-align: center;\"><iframe loading=\"lazy\" src=\"https:\/\/www.dailymotion.com\/embed\/video\/x75e0k\" width=\"640\" height=\"360\" frameborder=\"0\" allowfullscreen=\"allowfullscreen\"><span class=\"mce_SELRES_start\" data-mce-type=\"bookmark\" style=\"display: inline-block; width: 0px; overflow: hidden; line-height: 0;\">\ufeff<\/span><\/iframe><\/p>\n","protected":false},"excerpt":{"rendered":"<p>[Note de l&#8217;administrateur de ce blog : donnons aux Gilets jaunes les moyens de comprendre le sens profond de leur lutte. Qui n&#8217;est pas un conflit de type gauche-droite, ni \u00e9videmment un affrontement ethnique ou religieux &#8211; m\u00eame si certains tentent de toutes leurs forces de d\u00e9vier le conflit sur ce terrain &#8211; et n&#8217;est [&hellip;]<\/p>\n","protected":false},"author":1,"featured_media":0,"comment_status":"open","ping_status":"open","sticky":false,"template":"","format":"video","meta":[],"categories":[4,133,3],"tags":[1071,50,281,995,48,1072],"_links":{"self":[{"href":"https:\/\/aitia.fr\/erd\/wp-json\/wp\/v2\/posts\/11730"}],"collection":[{"href":"https:\/\/aitia.fr\/erd\/wp-json\/wp\/v2\/posts"}],"about":[{"href":"https:\/\/aitia.fr\/erd\/wp-json\/wp\/v2\/types\/post"}],"author":[{"embeddable":true,"href":"https:\/\/aitia.fr\/erd\/wp-json\/wp\/v2\/users\/1"}],"replies":[{"embeddable":true,"href":"https:\/\/aitia.fr\/erd\/wp-json\/wp\/v2\/comments?post=11730"}],"version-history":[{"count":13,"href":"https:\/\/aitia.fr\/erd\/wp-json\/wp\/v2\/posts\/11730\/revisions"}],"predecessor-version":[{"id":11743,"href":"https:\/\/aitia.fr\/erd\/wp-json\/wp\/v2\/posts\/11730\/revisions\/11743"}],"wp:attachment":[{"href":"https:\/\/aitia.fr\/erd\/wp-json\/wp\/v2\/media?parent=11730"}],"wp:term":[{"taxonomy":"category","embeddable":true,"href":"https:\/\/aitia.fr\/erd\/wp-json\/wp\/v2\/categories?post=11730"},{"taxonomy":"post_tag","embeddable":true,"href":"https:\/\/aitia.fr\/erd\/wp-json\/wp\/v2\/tags?post=11730"}],"curies":[{"name":"wp","href":"https:\/\/api.w.org\/{rel}","templated":true}]}}