{"id":11720,"date":"2018-12-04T22:22:05","date_gmt":"2018-12-04T21:22:05","guid":{"rendered":"https:\/\/aitia.fr\/erd\/?p=11720"},"modified":"2018-12-04T22:22:05","modified_gmt":"2018-12-04T21:22:05","slug":"comment-loccident-devore-ses-enfants-thierry-meyssan","status":"publish","type":"post","link":"https:\/\/aitia.fr\/erd\/comment-loccident-devore-ses-enfants-thierry-meyssan\/","title":{"rendered":"Comment l\u2019Occident d\u00e9vore ses enfants (Thierry Meyssan)"},"content":{"rendered":"<p style=\"text-align: justify;\"><img decoding=\"async\" loading=\"lazy\" class=\"alignleft size-full wp-image-11721\" src=\"https:\/\/aitia.fr\/erd\/wp-content\/uploads\/2018\/12\/arc-triomphe.jpg\" alt=\"\" width=\"400\" height=\"250\" srcset=\"https:\/\/aitia.fr\/erd\/wp-content\/uploads\/2018\/12\/arc-triomphe.jpg 400w, https:\/\/aitia.fr\/erd\/wp-content\/uploads\/2018\/12\/arc-triomphe-300x188.jpg 300w\" sizes=\"(max-width: 400px) 100vw, 400px\" \/>[<em>Note de l&#8217;administrateur de ce blog : voil\u00e0 une fa\u00e7on de parler des Gilets jaunes en prenant un peu (voire beaucoup) de recul historique. \u00c7a ne fait pas de mal.<\/em>]<\/p>\n<hr \/>\n<p style=\"text-align: justify;\">Pour Thierry Meyssan, en se dressant contre leurs institutions, les Fran\u00e7ais sont le premier peuple occidental \u00e0 prendre des risques personnels pour s\u2019opposer \u00e0 la globalisation financi\u00e8re. Bien qu\u2019ils n\u2019en aient pas conscience et imaginent encore que leurs probl\u00e8mes sont exclusivement nationaux, leur ennemi est le m\u00eame que celui qui a \u00e9cras\u00e9 la r\u00e9gion des Grands lacs africains et une partie du Moyen-Orient \u00e9largi. Seuls les peuples qui comprendront la logique qui les d\u00e9truit et la rejetteront pourront survivre \u00e0 la crise existentielle de l\u2019Occident.<\/p>\n<h3 class=\"spip\">La cause de la r\u00e9cession occidentale<\/h3>\n<p class=\"lettrine\" style=\"text-align: justify;\">Les relations internationales ont profond\u00e9ment chang\u00e9 avec la paralysie de l\u2019Union sovi\u00e9tique en 1986, lorsque l\u2019\u00c9tat ne parvint pas \u00e0 maitriser l\u2019incident nucl\u00e9aire civil de Tchernobyl\u00a0[<a id=\"nh1\" class=\"spip_note\" title=\"Selon Micha\u00efl Gorbatchev, c\u2019est cet \u00e9v\u00e9nement qui a rendu possible la\u00a0(...)\" href=\"https:\/\/www.voltairenet.org\/article204180.html#nb1\" target=\"_blank\" rel=\"footnote noopener\">1<\/a>], puis avec la r\u00e9tractation du Pacte de Varsovie, en 1989, lorsque le Parti communiste est-allemand\u00a0[<a id=\"nh2\" class=\"spip_note\" title=\"Contrairement \u00e0 une id\u00e9e re\u00e7ue en Occident, ce sont les nationalistes du Parti\u00a0(...)\" href=\"https:\/\/www.voltairenet.org\/article204180.html#nb2\" target=\"_blank\" rel=\"footnote noopener\">2<\/a>] d\u00e9truisit le Mur de Berlin, et finalement avec la dissolution de l\u2019URSS, en 1991.<\/p>\n<p style=\"text-align: justify;\">\u00c0 ce moment, le pr\u00e9sident des \u00c9tats-Unis, George Bush Sr., a d\u00e9cid\u00e9 de d\u00e9mobiliser un million de soldats et de consacrer les efforts de son pays \u00e0 sa prosp\u00e9rit\u00e9. Il a souhait\u00e9 transformer l\u2019h\u00e9g\u00e9monie US dans sa zone d\u2019influence en un r\u00f4le de leader de l\u2019ensemble du monde et de garant de sa stabilit\u00e9. En cela, il a jet\u00e9 les bases d\u2019un \u00ab\u00a0Nouvel Ordre Mondial\u00a0\u00bb d\u2019abord dans son discours aux c\u00f4t\u00e9s du Premier ministre britannique Margaret Thatcher \u00e0 l\u2019Aspen Institute (2 ao\u00fbt 1990), puis lors de son discours au Congr\u00e8s (11 septembre 1990) annon\u00e7ant l\u2019op\u00e9ration \u00ab\u00a0Temp\u00eate du d\u00e9sert\u00a0\u00bb\u00a0[<a id=\"nh3\" class=\"spip_note\" title=\"Le but principal de l\u2019invasion de l\u2019Iraq n\u2019est pas de lib\u00e9rer le Kowe\u00eft, mais\u00a0(...)\" href=\"https:\/\/www.voltairenet.org\/article204180.html#nb3\" target=\"_blank\" rel=\"footnote noopener\">3<\/a>].<\/p>\n<p style=\"text-align: justify;\">Le monde d\u2019apr\u00e8s l\u2019Union sovi\u00e9tique est celui de la libre circulation non seulement des marchandises, mais aussi des capitaux mondiaux, sous le seul contr\u00f4le des \u00c9tats-Unis. C\u2019est-\u00e0-dire le passage du capitalisme \u00e0 la financiarisation\u00a0; non pas l\u2019aboutissement du libre-\u00e9change, mais une forme exacerb\u00e9e de l\u2019exploitation coloniale \u00e0 la totalit\u00e9 du monde y compris \u00e0 l\u2019Occident. En un quart de si\u00e8cle, les grandes fortunes US vont \u00eatre plusieurs fois multipli\u00e9es et la richesse globale du monde va consid\u00e9rablement augmenter.<\/p>\n<p style=\"text-align: justify;\">En laissant libre court au capitalisme, le pr\u00e9sident Bush Sr. esp\u00e9rait \u00e9tendre la prosp\u00e9rit\u00e9 au monde. Mais le capitalisme n\u2019est pas un projet politique, c\u2019est juste une logique pour faire du profit. Or, la logique des multinationales US \u00e9tait d\u2019accroitre leur profit en d\u00e9localisant leur production en Chine o\u00f9 c\u2019\u00e9tait d\u00e9sormais possible et o\u00f9 les travailleurs \u00e9taient les moins pay\u00e9s au monde.<\/p>\n<p><a href=\"https:\/\/www.voltairenet.org\/article204180.html\" target=\"_blank\" rel=\"noopener\">Continuer la lecture sur le r\u00e9seau Voltaire \u2192<\/a><\/p>\n<p>Voir \u00e9galement sur ce blog, \u00e0 propos de la chute de l&#8217;Occident :<\/p>\n<ul>\n<li><a href=\"https:\/\/aitia.fr\/erd\/le-nouveau-capitalisme-criminel\/\" target=\"_blank\" rel=\"noopener\">Le nouveau capitalisme criminel<\/a><\/li>\n<li><a href=\"https:\/\/aitia.fr\/erd\/les-mots-creux-du-nouveau-maccarthysme\/\" target=\"_blank\" rel=\"noopener\">Les mots creux du nouveau maccarthysme<\/a><\/li>\n<li><a href=\"https:\/\/aitia.fr\/erd\/la-reecriture-de-lhistoire-du-11-septembre-un-travail-a-temps-plein\/\" target=\"_blank\" rel=\"noopener\">La r\u00e9\u00e9criture de l&#8217;histoire du 11-Septembre, un travail \u00e0 temps plein<\/a><\/li>\n<li><a href=\"https:\/\/aitia.fr\/erd\/la-valise-miraculeuse-le-veto-russe-et-loccident-qui-regardait-ailleurs\/\" target=\"_blank\" rel=\"noopener\">La valise miraculeuse, le veto russe et l&#8217;Occident qui regardait ailleurs<\/a><\/li>\n<li><a href=\"https:\/\/aitia.fr\/erd\/prelude-a-leffondrement-general-du-systeme\/\" target=\"_blank\" rel=\"noopener\">Pr\u00e9lude \u00e0 l&#8217;effondrement g\u00e9n\u00e9ral du syst\u00e8me <\/a><\/li>\n<li><a href=\"https:\/\/aitia.fr\/erd\/prelude-a-leffondrement-general-du-systeme-partie-2\/\" target=\"_blank\" rel=\"noopener\">Pr\u00e9lude \u00e0 l&#8217;effondrement g\u00e9n\u00e9ral du syst\u00e8me (partie 2)<\/a><\/li>\n<\/ul>\n","protected":false},"excerpt":{"rendered":"<p>[Note de l&#8217;administrateur de ce blog : voil\u00e0 une fa\u00e7on de parler des Gilets jaunes en prenant un peu (voire beaucoup) de recul historique. \u00c7a ne fait pas de mal.] Pour Thierry Meyssan, en se dressant contre leurs institutions, les Fran\u00e7ais sont le premier peuple occidental \u00e0 prendre des risques personnels pour s\u2019opposer \u00e0 la [&hellip;]<\/p>\n","protected":false},"author":1,"featured_media":0,"comment_status":"open","ping_status":"open","sticky":false,"template":"","format":"standard","meta":[],"categories":[4,134,3],"tags":[66,496,1066,1065,1068,1067,174,869,1064],"_links":{"self":[{"href":"https:\/\/aitia.fr\/erd\/wp-json\/wp\/v2\/posts\/11720"}],"collection":[{"href":"https:\/\/aitia.fr\/erd\/wp-json\/wp\/v2\/posts"}],"about":[{"href":"https:\/\/aitia.fr\/erd\/wp-json\/wp\/v2\/types\/post"}],"author":[{"embeddable":true,"href":"https:\/\/aitia.fr\/erd\/wp-json\/wp\/v2\/users\/1"}],"replies":[{"embeddable":true,"href":"https:\/\/aitia.fr\/erd\/wp-json\/wp\/v2\/comments?post=11720"}],"version-history":[{"count":2,"href":"https:\/\/aitia.fr\/erd\/wp-json\/wp\/v2\/posts\/11720\/revisions"}],"predecessor-version":[{"id":11723,"href":"https:\/\/aitia.fr\/erd\/wp-json\/wp\/v2\/posts\/11720\/revisions\/11723"}],"wp:attachment":[{"href":"https:\/\/aitia.fr\/erd\/wp-json\/wp\/v2\/media?parent=11720"}],"wp:term":[{"taxonomy":"category","embeddable":true,"href":"https:\/\/aitia.fr\/erd\/wp-json\/wp\/v2\/categories?post=11720"},{"taxonomy":"post_tag","embeddable":true,"href":"https:\/\/aitia.fr\/erd\/wp-json\/wp\/v2\/tags?post=11720"}],"curies":[{"name":"wp","href":"https:\/\/api.w.org\/{rel}","templated":true}]}}