{"id":11702,"date":"2018-11-28T21:11:04","date_gmt":"2018-11-28T20:11:04","guid":{"rendered":"https:\/\/aitia.fr\/erd\/?p=11702"},"modified":"2018-11-28T21:11:04","modified_gmt":"2018-11-28T20:11:04","slug":"radio-france-vante-les-productions-israeliennes-et-oublie-la-colonisation-acrimed","status":"publish","type":"post","link":"https:\/\/aitia.fr\/erd\/radio-france-vante-les-productions-israeliennes-et-oublie-la-colonisation-acrimed\/","title":{"rendered":"Radio France vante les productions isra\u00e9liennes\u2026 et oublie la colonisation (Acrimed)"},"content":{"rendered":"<div class=\"crayon article-chapo-5827 chapoarticle surlignable\">\n<p style=\"text-align: justify;\"><a href=\"https:\/\/ddc.arte.tv\/cartes\/33\" target=\"_blank\" rel=\"noopener\"><img decoding=\"async\" loading=\"lazy\" class=\"alignleft wp-image-11703\" src=\"https:\/\/aitia.fr\/erd\/wp-content\/uploads\/2018\/11\/eau-Israe\u0308l-300x169.jpg\" alt=\"\" width=\"440\" height=\"247\" srcset=\"https:\/\/aitia.fr\/erd\/wp-content\/uploads\/2018\/11\/eau-Israe\u0308l-300x169.jpg 300w, https:\/\/aitia.fr\/erd\/wp-content\/uploads\/2018\/11\/eau-Israe\u0308l-600x337.jpg 600w, https:\/\/aitia.fr\/erd\/wp-content\/uploads\/2018\/11\/eau-Israe\u0308l.jpg 676w\" sizes=\"(max-width: 440px) 100vw, 440px\" \/><\/a>[<em>Note de l&#8217;administrateur de ce blog : d\u00e8s que l&#8217;on fait preuve d&#8217;objectivit\u00e9 vis-\u00e0-vis de &#8220;l&#8217;\u00c9tat d&#8217;Isra\u00ebl&#8221; et de ses pr\u00e9tendus miracles, on risque d&#8217;\u00eatre qualifi\u00e9 d&#8217;antis\u00e9mite naus\u00e9abond. Mais comme tout le monde y est habitu\u00e9, maintenant&#8230; c&#8217;est comme quand une alarme sonne tout le temps pour rien : \u00e0 la fin plus personne n&#8217;y pr\u00eate attention.<\/em>]<\/p>\n<hr \/>\n<p style=\"text-align: justify;\">La pastille radiophonique \u00ab\u00a0En direct du monde\u00a0\u00bb de France Info propose, tous les jours \u00e0 5h16 et \u00e0 10h56, des sujets d\u2019actualit\u00e9 concernant diff\u00e9rents pays du monde, \u00e9labor\u00e9s par les correspondants de la radio publique pr\u00e9sents sur place. Le 22 novembre, elle portait sur les m\u00e9rites des avocats (les fruits) isra\u00e9liens. Probl\u00e8me\u00a0: l\u2019\u00e9mission omet certains \u00ab\u00a0d\u00e9tails\u00a0\u00bb, comme le fait qu\u2019une partie substantielle des fruits sont produits dans les territoires palestiniens occup\u00e9s, et finit par prendre des allures de publicit\u00e9. Un tropisme r\u00e9current \u00e0 en croire un autre reportage que la radio publique a consacr\u00e9 aux technologies hydrauliques isra\u00e9liennes, en septembre dernier.<\/p>\n<\/div>\n<div class=\"crayon article-texte-5827 txtarticle surlignable\">\n<p style=\"text-align: justify;\">En \u00e9coutant <a class=\"spip_out\" href=\"https:\/\/www.francetvinfo.fr\/replay-radio\/en-direct-du-monde\/en-israel-l-avocat-s-exporte-de-plus-en-plus_3032453.html\" target=\"_blank\" rel=\"external noopener\">\u00ab\u00a0En direct du monde\u00a0\u00bb ce jeudi 22 novembre<\/a>, on en apprendra beaucoup sur la production d\u2019avocats\u00a0: sur leurs vari\u00e9t\u00e9s, leurs atouts et leurs qualit\u00e9s<span class=\"spip_note_ref\">\u00a0[<a id=\"nh1\" class=\"spip_note\" title=\"\u00ab Les avocats sont cueillis sur des arbres qui font environ trois m\u00e8tres de\u00a0(...)\" href=\"https:\/\/www.acrimed.org\/Radio-France-vante-les-productions-israeliennes#nb1\" target=\"_blank\" rel=\"footnote noopener\">1<\/a>]<\/span>, mais aussi sur le fait que la France <i>\u00ab\u00a0est un march\u00e9 fondamental pour Isra\u00ebl\u00a0\u00bb<\/i>, et, enfin, que <i>\u00ab\u00a0la production se fait essentiellement dans la vall\u00e9e du Jourdain, en Cisjordanie, ou dans la plaine c\u00f4ti\u00e8re en Isra\u00ebl\u00a0\u00bb<\/i>.<\/p>\n<p style=\"text-align: justify;\">Dans ce qui s\u2019apparente \u00e0 une pr\u00e9sentation promotionnelle d\u00e9taill\u00e9e, le journaliste omet de pr\u00e9ciser un\u2026 d\u00e9tail\u00a0: le fait qu\u2019une part significative de cette production se fait dans les territoires palestiniens occup\u00e9s, en exploitant des terres colonis\u00e9es au profit de l\u2019\u00c9tat d\u2019Isra\u00ebl<span class=\"spip_note_ref\">\u00a0[<a id=\"nh2\" class=\"spip_note\" title=\"30% de la production d\u2019avocats \u00ab made in Israel \u00bb provient en effet, selon le\u00a0(...)\" href=\"https:\/\/www.acrimed.org\/Radio-France-vante-les-productions-israeliennes#nb2\" target=\"_blank\" rel=\"footnote noopener\">2<\/a>]<\/span>. Des r\u00e8glements europ\u00e9ens disposent par ailleurs que cette production ne peut se revendiquer d\u2019une origine isra\u00e9lienne. Cela a conduit Jean-Guy Greilsamer, membre de la campagne Boycott-D\u00e9sinvestissement-Sanction (BDS) et de l\u2019Union juive fran\u00e7aise pour la paix (UJFP) \u00e0 envoyer une <a class=\"spip_out\" href=\"https:\/\/www.ujfp.org\/spip.php?article6804\" target=\"_blank\" rel=\"external noopener\">lettre ouverte<\/a> \u00e0 la m\u00e9diatrice de Radio France<span class=\"spip_note_ref\">\u00a0[<a id=\"nh3\" class=\"spip_note\" title=\"Cette lettre n\u2019a, \u00e0 notre connaissance, pas re\u00e7u de r\u00e9ponse \u00e0 ce\u00a0(...)\" href=\"https:\/\/www.acrimed.org\/Radio-France-vante-les-productions-israeliennes#nb3\" target=\"_blank\" rel=\"footnote noopener\">3<\/a>]<\/span>.<\/p>\n<p><a href=\"https:\/\/www.acrimed.org\/Radio-France-vante-les-productions-israeliennes\" target=\"_blank\" rel=\"noopener\">Continuer la lecture sur ACRIMED \u2192<\/a><\/p>\n<\/div>\n","protected":false},"excerpt":{"rendered":"<p>[Note de l&#8217;administrateur de ce blog : d\u00e8s que l&#8217;on fait preuve d&#8217;objectivit\u00e9 vis-\u00e0-vis de &#8220;l&#8217;\u00c9tat d&#8217;Isra\u00ebl&#8221; et de ses pr\u00e9tendus miracles, on risque d&#8217;\u00eatre qualifi\u00e9 d&#8217;antis\u00e9mite naus\u00e9abond. Mais comme tout le monde y est habitu\u00e9, maintenant&#8230; c&#8217;est comme quand une alarme sonne tout le temps pour rien : \u00e0 la fin plus personne n&#8217;y [&hellip;]<\/p>\n","protected":false},"author":1,"featured_media":0,"comment_status":"open","ping_status":"open","sticky":false,"template":"","format":"standard","meta":[],"categories":[4,134,29,1],"tags":[1059,1060,1061,1063,162,48,1062],"_links":{"self":[{"href":"https:\/\/aitia.fr\/erd\/wp-json\/wp\/v2\/posts\/11702"}],"collection":[{"href":"https:\/\/aitia.fr\/erd\/wp-json\/wp\/v2\/posts"}],"about":[{"href":"https:\/\/aitia.fr\/erd\/wp-json\/wp\/v2\/types\/post"}],"author":[{"embeddable":true,"href":"https:\/\/aitia.fr\/erd\/wp-json\/wp\/v2\/users\/1"}],"replies":[{"embeddable":true,"href":"https:\/\/aitia.fr\/erd\/wp-json\/wp\/v2\/comments?post=11702"}],"version-history":[{"count":5,"href":"https:\/\/aitia.fr\/erd\/wp-json\/wp\/v2\/posts\/11702\/revisions"}],"predecessor-version":[{"id":11708,"href":"https:\/\/aitia.fr\/erd\/wp-json\/wp\/v2\/posts\/11702\/revisions\/11708"}],"wp:attachment":[{"href":"https:\/\/aitia.fr\/erd\/wp-json\/wp\/v2\/media?parent=11702"}],"wp:term":[{"taxonomy":"category","embeddable":true,"href":"https:\/\/aitia.fr\/erd\/wp-json\/wp\/v2\/categories?post=11702"},{"taxonomy":"post_tag","embeddable":true,"href":"https:\/\/aitia.fr\/erd\/wp-json\/wp\/v2\/tags?post=11702"}],"curies":[{"name":"wp","href":"https:\/\/api.w.org\/{rel}","templated":true}]}}