{"id":11677,"date":"2018-11-22T18:50:16","date_gmt":"2018-11-22T17:50:16","guid":{"rendered":"https:\/\/aitia.fr\/erd\/?p=11677"},"modified":"2018-11-23T08:59:57","modified_gmt":"2018-11-23T07:59:57","slug":"haine-et-inversion-accusatoire-egalite-reconciliation","status":"publish","type":"post","link":"https:\/\/aitia.fr\/erd\/haine-et-inversion-accusatoire-egalite-reconciliation\/","title":{"rendered":"Haine et inversion accusatoire\u2026 (\u00c9galite &#038; R\u00e9conciliation)"},"content":{"rendered":"<p style=\"text-align: justify;\"><img decoding=\"async\" loading=\"lazy\" class=\"alignleft wp-image-11678 size-full\" src=\"https:\/\/aitia.fr\/erd\/wp-content\/uploads\/2018\/11\/Le-Parisien.jpeg\" alt=\"\" width=\"320\" height=\"181\" srcset=\"https:\/\/aitia.fr\/erd\/wp-content\/uploads\/2018\/11\/Le-Parisien.jpeg 320w, https:\/\/aitia.fr\/erd\/wp-content\/uploads\/2018\/11\/Le-Parisien-300x170.jpeg 300w\" sizes=\"(max-width: 320px) 100vw, 320px\" \/>[<em>Note de l&#8217;administrateur de ce blog : ce qui va sans dire pour tout lecteur d&#8217;Alain Soral (dont je suis) va beaucoup mieux en le disant \u00e0 l&#8217;attention de tous ceux qui n&#8217;ont toujours pas ouvert un de ses livres&#8230; et qui se montrent ici d&#8217;une ignorance (ou incomp\u00e9tence) criminelle. Vous ne voudriez quand m\u00eame pas qu&#8217;un enseignant fasse l&#8217;\u00e9loge de l&#8217;ignorance, non mais !<\/em>]<\/p>\n<hr \/>\n<p style=\"text-align: justify;\"><strong>Dans l\u2019article <a href=\"https:\/\/www.leparisien.fr\/seine-saint-denis-93\/un-an-de-prison-et-15-000-eur-requis-contre-alain-soral-19-11-2018-7946481.php\" target=\"_blank\" rel=\"noopener\"><i>Un an de prison et 15 000 \u20ac requis contre Alain Soral<\/i><\/a> publi\u00e9 le 19 novembre 2018 sur le site leparisien.fr, Carole Sterl\u00e9 \u00e9crit, au sujet d\u2019Alain Soral et du proc\u00e8s \u00e0 lui fait en mars 2018 pour les dessins des <a href=\"https:\/\/www.egaliteetreconciliation.fr\/Proces-du-14-mars-2018-1-an-et-6-mois-d-emprisonnement-requis-contre-Alain-Soral-50162.html\" target=\"_blank\" rel=\"noopener\">Cancrelats et de l\u2019\u00c9chiquier<\/a>\u00a0:<\/strong><\/p>\n<blockquote>\n<p style=\"text-align: justify;\">En mars \u00e0 Paris, il l\u2019avait d\u00e9j\u00e0 \u00e9t\u00e9 pour des dessins antis\u00e9mites. Dans la foul\u00e9e des r\u00e9quisitions, sur son site \u00ab\u00a0\u00c9galit\u00e9 et R\u00e9conciliation\u00a0\u00bb, Soral \u00e9voque le proc\u00e8s. On peut notamment lire \u00ab\u00a0entre le peuple juif et le reste de l\u2019humanit\u00e9, le combat ne peut \u00eatre que \u00ab\u00a0g\u00e9nocidaire et total\u00a0\u00bb.<\/p>\n<\/blockquote>\n<p><\/p>\n<p style=\"text-align: justify;\">La formule \u00ab\u00a0<i>entre le peuple juif et le reste de l\u2019humanit\u00e9, le combat ne peut \u00eatre que g\u00e9nocidaire et total<\/i>\u00a0\u00bb n\u2019est pas d\u2019Alain Soral.<\/p>\n<p><a href=\"https:\/\/www.egaliteetreconciliation.fr\/Haine-et-inversion-accusatoire-52894.html\" target=\"_blank\" rel=\"noopener\">Continuer la lecture sur \u00c9galit\u00e9 &amp; R\u00e9conciliation \u2192<\/a><\/p>\n","protected":false},"excerpt":{"rendered":"<p>[Note de l&#8217;administrateur de ce blog : ce qui va sans dire pour tout lecteur d&#8217;Alain Soral (dont je suis) va beaucoup mieux en le disant \u00e0 l&#8217;attention de tous ceux qui n&#8217;ont toujours pas ouvert un de ses livres&#8230; et qui se montrent ici d&#8217;une ignorance (ou incomp\u00e9tence) criminelle. Vous ne voudriez quand m\u00eame [&hellip;]<\/p>\n","protected":false},"author":1,"featured_media":0,"comment_status":"open","ping_status":"open","sticky":false,"template":"","format":"standard","meta":[],"categories":[4,134,29],"tags":[49,909,558,1056,124,1057,48,1058,71],"_links":{"self":[{"href":"https:\/\/aitia.fr\/erd\/wp-json\/wp\/v2\/posts\/11677"}],"collection":[{"href":"https:\/\/aitia.fr\/erd\/wp-json\/wp\/v2\/posts"}],"about":[{"href":"https:\/\/aitia.fr\/erd\/wp-json\/wp\/v2\/types\/post"}],"author":[{"embeddable":true,"href":"https:\/\/aitia.fr\/erd\/wp-json\/wp\/v2\/users\/1"}],"replies":[{"embeddable":true,"href":"https:\/\/aitia.fr\/erd\/wp-json\/wp\/v2\/comments?post=11677"}],"version-history":[{"count":6,"href":"https:\/\/aitia.fr\/erd\/wp-json\/wp\/v2\/posts\/11677\/revisions"}],"predecessor-version":[{"id":11684,"href":"https:\/\/aitia.fr\/erd\/wp-json\/wp\/v2\/posts\/11677\/revisions\/11684"}],"wp:attachment":[{"href":"https:\/\/aitia.fr\/erd\/wp-json\/wp\/v2\/media?parent=11677"}],"wp:term":[{"taxonomy":"category","embeddable":true,"href":"https:\/\/aitia.fr\/erd\/wp-json\/wp\/v2\/categories?post=11677"},{"taxonomy":"post_tag","embeddable":true,"href":"https:\/\/aitia.fr\/erd\/wp-json\/wp\/v2\/tags?post=11677"}],"curies":[{"name":"wp","href":"https:\/\/api.w.org\/{rel}","templated":true}]}}