{"id":11672,"date":"2018-11-21T08:56:52","date_gmt":"2018-11-21T07:56:52","guid":{"rendered":"https:\/\/aitia.fr\/erd\/?p=11672"},"modified":"2018-11-21T08:58:32","modified_gmt":"2018-11-21T07:58:32","slug":"la-secession-de-lunion-europeenne-thierry-meyssan","status":"publish","type":"post","link":"https:\/\/aitia.fr\/erd\/la-secession-de-lunion-europeenne-thierry-meyssan\/","title":{"rendered":"La s\u00e9cession de l\u2019Union europ\u00e9enne (Thierry Meyssan)"},"content":{"rendered":"<p style=\"text-align: justify;\"><img decoding=\"async\" loading=\"lazy\" class=\"alignleft wp-image-11673\" src=\"https:\/\/aitia.fr\/erd\/wp-content\/uploads\/2018\/11\/Voltairenet-org_-_1_2_-163-31a4f.jpg\" alt=\"\" width=\"390\" height=\"259\" srcset=\"https:\/\/aitia.fr\/erd\/wp-content\/uploads\/2018\/11\/Voltairenet-org_-_1_2_-163-31a4f.jpg 400w, https:\/\/aitia.fr\/erd\/wp-content\/uploads\/2018\/11\/Voltairenet-org_-_1_2_-163-31a4f-300x200.jpg 300w\" sizes=\"(max-width: 390px) 100vw, 390px\" \/>[<em>Note de l&#8217;administrateur de ce blog : o\u00f9 l&#8217;on constate que, non seulement l&#8217;oligarchie europ\u00e9enne (la haute bourgeoisie dont parle Meyssan) agit contre les int\u00e9r\u00eats des peuples, mais encore qu&#8217;elle agit en totale contradiction avec son discours de paix entre les nations.<\/em>]<\/p>\n<hr \/>\n<p style=\"text-align: justify;\"><strong>Pour Thierry Meyssan, la mani\u00e8re dont l\u2019Allemagne et la France refusent au Royaume-Uni le droit de sortir de l\u2019Union europ\u00e9enne montre que celle-ci n\u2019est pas uniquement un carcan. Elle atteste aussi que les Europ\u00e9ens sont toujours aussi peu soucieux de leurs voisins qu\u2019ils le furent durant les deux Guerres mondiales. Manifestement, ils ont perdu \u00e0 l\u2019esprit que gouverner, ce n\u2019est pas simplement d\u00e9fendre les int\u00e9r\u00eats de son pays \u00e0 court terme, c\u2019est aussi penser \u00e0 long terme et pr\u00e9venir les conflits avec ses voisins.<\/strong><\/p>\n<p style=\"text-align: justify;\">Les peuples membres de l\u2019Union europ\u00e9enne ne semblent pas conscients des nuages qui s\u2019amoncellent au-dessus de leurs t\u00eates. Ils ont identifi\u00e9 les graves probl\u00e8mes de l\u2019UE, mais les traitent avec d\u00e9sinvolture et ne comprennent pas ce qui se joue avec la s\u00e9cession britannique, le Brexit. Ils s\u2019enfoncent lentement dans une crise qui pourrait ne pas avoir d\u2019autre solution que la violence.<\/p>\n<h2 class=\"spip\">L\u2019origine du probl\u00e8me<\/h2>\n<p style=\"text-align: justify;\">Lors de la dissolution de l\u2019Union sovi\u00e9tique, les membres de la Communaut\u00e9 europ\u00e9enne ont accept\u00e9 de se plier aux d\u00e9cisions des \u00c9tats-Unis et d\u2019int\u00e9grer les \u00c9tats d\u2019Europe centrale, bien que ceux-ci ne correspondaient aucunement aux crit\u00e8res logiques d\u2019adh\u00e9sion. Sur cette lanc\u00e9e, ils ont adopt\u00e9 le Trait\u00e9 de Maastricht qui a fait basculer le projet europ\u00e9en d\u2019une coordination \u00e9conomique des \u00c9tats europ\u00e9ens vers un \u00c9tat supra-national. Il s\u2019agissait de cr\u00e9er un vaste bloc politique qui, sous la protection militaire des \u00c9tats-Unis, allait s\u2019engager, avec eux, sur la voie de la prosp\u00e9rit\u00e9.<\/p>\n<p style=\"text-align: justify;\">Ce super-\u00c9tat n\u2019a rien de d\u00e9mocratique. Il est administr\u00e9 par un coll\u00e8ge de hauts fonctionnaires, la Commission, dont les membres sont d\u00e9sign\u00e9s un \u00e0 un par chacun des chefs d\u2019\u00c9tat et de gouvernement. Jamais dans l\u2019Histoire un Empire n\u2019avait fonctionn\u00e9 de cette mani\u00e8re. Tr\u00e8s vite, le mod\u00e8le paritaire de la Commission accoucha d\u2019une gigantesque bureaucratie paritaire, dans laquelle certains \u00c9tats sont \u00ab\u00a0plus \u00e9gaux que d\u2019autres\u00a0\u00bb.<\/p>\n<p><a href=\"https:\/\/www.voltairenet.org\/article201469.html\" target=\"_blank\" rel=\"noopener\">Continuer la lecture sur le r\u00e9seau Voltaire \u2192<\/a><\/p>\n","protected":false},"excerpt":{"rendered":"<p>[Note de l&#8217;administrateur de ce blog : o\u00f9 l&#8217;on constate que, non seulement l&#8217;oligarchie europ\u00e9enne (la haute bourgeoisie dont parle Meyssan) agit contre les int\u00e9r\u00eats des peuples, mais encore qu&#8217;elle agit en totale contradiction avec son discours de paix entre les nations.] Pour Thierry Meyssan, la mani\u00e8re dont l\u2019Allemagne et la France refusent au Royaume-Uni [&hellip;]<\/p>\n","protected":false},"author":1,"featured_media":0,"comment_status":"open","ping_status":"open","sticky":false,"template":"","format":"standard","meta":[],"categories":[4,134,29],"tags":[361,1055,126,1052,1053,1054,939,374],"_links":{"self":[{"href":"https:\/\/aitia.fr\/erd\/wp-json\/wp\/v2\/posts\/11672"}],"collection":[{"href":"https:\/\/aitia.fr\/erd\/wp-json\/wp\/v2\/posts"}],"about":[{"href":"https:\/\/aitia.fr\/erd\/wp-json\/wp\/v2\/types\/post"}],"author":[{"embeddable":true,"href":"https:\/\/aitia.fr\/erd\/wp-json\/wp\/v2\/users\/1"}],"replies":[{"embeddable":true,"href":"https:\/\/aitia.fr\/erd\/wp-json\/wp\/v2\/comments?post=11672"}],"version-history":[{"count":3,"href":"https:\/\/aitia.fr\/erd\/wp-json\/wp\/v2\/posts\/11672\/revisions"}],"predecessor-version":[{"id":11676,"href":"https:\/\/aitia.fr\/erd\/wp-json\/wp\/v2\/posts\/11672\/revisions\/11676"}],"wp:attachment":[{"href":"https:\/\/aitia.fr\/erd\/wp-json\/wp\/v2\/media?parent=11672"}],"wp:term":[{"taxonomy":"category","embeddable":true,"href":"https:\/\/aitia.fr\/erd\/wp-json\/wp\/v2\/categories?post=11672"},{"taxonomy":"post_tag","embeddable":true,"href":"https:\/\/aitia.fr\/erd\/wp-json\/wp\/v2\/tags?post=11672"}],"curies":[{"name":"wp","href":"https:\/\/api.w.org\/{rel}","templated":true}]}}