{"id":11576,"date":"2018-10-24T18:03:31","date_gmt":"2018-10-24T16:03:31","guid":{"rendered":"https:\/\/aitia.fr\/erd\/?p=11576"},"modified":"2018-11-10T12:34:17","modified_gmt":"2018-11-10T11:34:17","slug":"robert-faurisson-et-letude-du-passe-gilad-atzmon-via-er","status":"publish","type":"post","link":"https:\/\/aitia.fr\/erd\/robert-faurisson-et-letude-du-passe-gilad-atzmon-via-er\/","title":{"rendered":"Robert Faurisson et l\u2019\u00e9tude du pass\u00e9 <br>(Gilad Atzmon <i>via<\/i> E&#038;R)"},"content":{"rendered":"<p style=\"text-align: justify;\"><img decoding=\"async\" loading=\"lazy\" class=\"size-medium wp-image-11580 alignleft\" src=\"https:\/\/aitia.fr\/erd\/wp-content\/uploads\/2018\/10\/History-1-300x166.jpg\" alt=\"\" width=\"300\" height=\"166\" srcset=\"https:\/\/aitia.fr\/erd\/wp-content\/uploads\/2018\/10\/History-1-300x166.jpg 300w, https:\/\/aitia.fr\/erd\/wp-content\/uploads\/2018\/10\/History-1.jpg 480w\" sizes=\"(max-width: 300px) 100vw, 300px\" \/>[<em>Note de l&#8217;administrateur de ce blog : je renvoie \u00e0 <a href=\"https:\/\/www.gilad.co.uk\/writings\/2018\/10\/23\/robert-faurisson-and-the-study-of-the-past\" target=\"_blank\" rel=\"noopener\">l&#8217;article original en anglais<\/a> pour savoir quels sont les passages mis en gras par l&#8217;auteur (dont celui que je reproduis ici). Et bien s\u00fbr, \u00e0 l&#8217;entretien de 2014 entre Robert Faurisson et Gilad Atzmon r\u00e9alis\u00e9 par Kontre Kulture (que j&#8217;avais repris\u00a0<a href=\"https:\/\/aitia.fr\/erd\/les-mots-creux-du-nouveau-maccarthysme\/\" target=\"_blank\" rel=\"noopener\">\u00e0 la fin de cet article<\/a>) qui restera, c&#8217;est certain, un document historique important pour tout futur historien qui cherchera \u00e0 comprendre comment certains lobbies pas repr\u00e9sentatifs pour un sou du bien commun ont pu, au nom du Bien, parvenir \u00e0 st\u00e9riliser la pens\u00e9e &#8211; et en cons\u00e9quence la recherche &#8211; sur un des \u00e9v\u00e9nements les plus tragiques de l&#8217;histoire du XX\u00e8me si\u00e8cle.<\/em>]<\/p>\n<hr \/>\n<p><em>Une traduction r\u00e9alis\u00e9e par Alimuddin Usmani pour E&amp;R.<\/em><\/p>\n<p style=\"text-align: justify;\">L\u2019histoire des id\u00e9es nous fournit les noms de ces quelques hommes et femmes qui ont d\u00e9fi\u00e9 les limites de la tol\u00e9rance. Le professeur Robert Faurisson \u00e9tait l\u2019un de ces hommes. Faurisson, d\u00e9c\u00e9d\u00e9 dimanche dernier \u00e0 l\u2019\u00e2ge de 89 ans, \u00e9tait un universitaire fran\u00e7ais qui ne croyait pas \u00e0 la validit\u00e9 de certaines parties du r\u00e9cit de l\u2019Holocauste. Il a affirm\u00e9 que les chambres \u00e0 gaz d\u2019Auschwitz constituaient le \u00ab plus grand mensonge du XXe si\u00e8cle \u00bb et a soutenu que les juifs d\u00e9port\u00e9s \u00e9taient morts de maladie et de malnutrition. Faurisson a \u00e9galement mis en doute l\u2019authenticit\u00e9 du journal d\u2019Anne Frank, plusieurs ann\u00e9es avant que la fondation suisse qui d\u00e9tient le droit d\u2019auteur du c\u00e9l\u00e8bre journal \u00ab n\u2019ait alert\u00e9 les \u00e9diteurs que son p\u00e8re (Otto Frank) \u00e9tait non seulement le r\u00e9dacteur, mais \u00e9galement le coauteur du c\u00e9l\u00e8bre livre \u00bb ( <a href=\"https:\/\/www.nytimes.com\/2015\/11\/14\/books\/anne-frank-has-a-co-as-diary-gains-co-author-in-legal-move.html\" target=\"_blank\" rel=\"noopener\">NY Times<\/a> ).<\/p>\n<p style=\"text-align: justify;\">Dans la France des ann\u00e9es 1960-1970, Faurisson avait des raisons de croire que son attitude anti-conformiste sur les questions du pass\u00e9 lui permettrait de recevoir un blanc-seing casher. Il s\u2019est tromp\u00e9. Faurisson n\u2019a peut-\u00eatre pas compris le r\u00f4le de l\u2019Holocauste dans la politique et la culture juives contemporaines. Et il n\u2019a pas compris que <strong>le pouvoir juif repr\u00e9sente litt\u00e9ralement le pouvoir de faire taire l\u2019opposition au pouvoir juif<\/strong>.<\/p>\n<p><a href=\"https:\/\/www.egaliteetreconciliation.fr\/Robert-Faurisson-et-l-etude-du-passe-52596.html\" target=\"_blank\" rel=\"noopener\">Continuer la lecture sur \u00c9galit\u00e9 &amp; R\u00e9conciliation \u2192<\/a><\/p>\n","protected":false},"excerpt":{"rendered":"<p>[Note de l&#8217;administrateur de ce blog : je renvoie \u00e0 l&#8217;article original en anglais pour savoir quels sont les passages mis en gras par l&#8217;auteur (dont celui que je reproduis ici). Et bien s\u00fbr, \u00e0 l&#8217;entretien de 2014 entre Robert Faurisson et Gilad Atzmon r\u00e9alis\u00e9 par Kontre Kulture (que j&#8217;avais repris\u00a0\u00e0 la fin de cet [&hellip;]<\/p>\n","protected":false},"author":1,"featured_media":0,"comment_status":"open","ping_status":"open","sticky":false,"template":"","format":"standard","meta":[],"categories":[4,134,3],"tags":[445,215,1044,124,312,12,1043],"_links":{"self":[{"href":"https:\/\/aitia.fr\/erd\/wp-json\/wp\/v2\/posts\/11576"}],"collection":[{"href":"https:\/\/aitia.fr\/erd\/wp-json\/wp\/v2\/posts"}],"about":[{"href":"https:\/\/aitia.fr\/erd\/wp-json\/wp\/v2\/types\/post"}],"author":[{"embeddable":true,"href":"https:\/\/aitia.fr\/erd\/wp-json\/wp\/v2\/users\/1"}],"replies":[{"embeddable":true,"href":"https:\/\/aitia.fr\/erd\/wp-json\/wp\/v2\/comments?post=11576"}],"version-history":[{"count":5,"href":"https:\/\/aitia.fr\/erd\/wp-json\/wp\/v2\/posts\/11576\/revisions"}],"predecessor-version":[{"id":11583,"href":"https:\/\/aitia.fr\/erd\/wp-json\/wp\/v2\/posts\/11576\/revisions\/11583"}],"wp:attachment":[{"href":"https:\/\/aitia.fr\/erd\/wp-json\/wp\/v2\/media?parent=11576"}],"wp:term":[{"taxonomy":"category","embeddable":true,"href":"https:\/\/aitia.fr\/erd\/wp-json\/wp\/v2\/categories?post=11576"},{"taxonomy":"post_tag","embeddable":true,"href":"https:\/\/aitia.fr\/erd\/wp-json\/wp\/v2\/tags?post=11576"}],"curies":[{"name":"wp","href":"https:\/\/api.w.org\/{rel}","templated":true}]}}