{"id":11557,"date":"2018-10-23T21:53:09","date_gmt":"2018-10-23T19:53:09","guid":{"rendered":"https:\/\/aitia.fr\/erd\/?p=11557"},"modified":"2018-10-28T12:48:54","modified_gmt":"2018-10-28T11:48:54","slug":"le-pacte-du-quincy-ne-protege-que-le-roi-darabie-pas-son-heritier-thierry-meyssan","status":"publish","type":"post","link":"https:\/\/aitia.fr\/erd\/le-pacte-du-quincy-ne-protege-que-le-roi-darabie-pas-son-heritier-thierry-meyssan\/","title":{"rendered":"Le Pacte du Quincy ne prot\u00e8ge que le roi d\u2019Arabie, <br>pas son h\u00e9ritier (Thierry Meyssan)"},"content":{"rendered":"<p style=\"text-align: justify;\"><img decoding=\"async\" loading=\"lazy\" class=\"size-medium wp-image-11560 alignleft\" src=\"https:\/\/aitia.fr\/erd\/wp-content\/uploads\/2018\/10\/MBS-Trump-300x225.jpg\" alt=\"\" width=\"300\" height=\"225\" srcset=\"https:\/\/aitia.fr\/erd\/wp-content\/uploads\/2018\/10\/MBS-Trump-300x225.jpg 300w, https:\/\/aitia.fr\/erd\/wp-content\/uploads\/2018\/10\/MBS-Trump.jpg 400w\" sizes=\"(max-width: 300px) 100vw, 300px\" \/>[<em>Note de l&#8217;administrateur de ce blog : dans un pays o\u00f9 la priorit\u00e9 des journalistes semble actuellement de cracher sur le cercueil d&#8217;un homme qui n&#8217;a jamais vol\u00e9, tu\u00e9 ou m\u00eame agress\u00e9 physiquement personne, il ne faut pas s&#8217;attendre \u00e0 trouver dans la presse des analyses sur l&#8217;affaire Khashoggi qui aillent au-del\u00e0 de l&#8217;anecdotique, f\u00fbt-il sanglant voire &#8220;gore&#8221;.<\/p>\n<p style=\"text-align: justify;\">Heureusement, on peut compter sur Thierry Meyssan pour replacer l&#8217;Arabie Saoudite dans une perspective historique plus large et la remettre en quelque sorte \u00e0 sa place : celle d&#8217;un \u00c9tat enti\u00e8rement artificiel qui ne doit sa puissance qu&#8217;\u00e0 la volont\u00e9 des USA d&#8217;en extraire du p\u00e9trole \u00e0 bas co\u00fbt.<\/em><\/p>\n<p style=\"text-align: justify;\"><em>Eh oui, mesdames et messieurs les journalistes, les d\u00e9terminants de la g\u00e9opolitique sont d&#8217;abord et avant tout des choses tr\u00e8s concr\u00e8tes, comme l&#8217;acc\u00e8s \u00e0 l&#8217;\u00e9nergie, aux terres agricoles (il faut quand m\u00eame manger) ou aux mati\u00e8res premi\u00e8res. L&#8217;\u00e9conomie &#8220;immat\u00e9rielle&#8221;, la croissance infinie bas\u00e9e sur la pure richesse intellectuelle, c&#8217;est bon <a href=\"https:\/\/aitia.fr\/erd\/biomimetisme-economie-de-la-connaissance-et-religion-impensee-de-loccident\/\" target=\"_blank\" rel=\"noopener\">pour les bonimenteurs<\/a> et les gogos qui les suivent. Et les &#8220;droits de l&#8217;homme&#8221; sont \u00e0 g\u00e9om\u00e9trie infiniment variable, comme les sordides compromissions des &#8220;d\u00e9mocraties occidentales&#8221; avec le &#8220;tyran m\u00e9di\u00e9val&#8221; issu d&#8217;une tribu archa\u00efque &#8220;pass\u00e9e subitement du chameau \u00e0 l&#8217;avion priv\u00e9&#8221; le prouvent.<\/em>]<\/p>\n<hr \/>\n<p style=\"text-align: justify;\"><strong>Les Panam\u00e9ens qui se souviennent de l\u2019arrestation par Washington de son employ\u00e9, le g\u00e9n\u00e9ral Noriega, ne sont pas surpris du sort r\u00e9serv\u00e9 par Washington au prince h\u00e9ritier saoudien. L\u2019affaire Jamal Khashoggi est l\u2019un des plus petits crimes de MBS, mais ce devrait \u00eatre son dernier. La famille des Saoud n\u2019est pas prot\u00e9g\u00e9e par le Pacte du Quincy qui ne s\u2019applique qu\u2019au roi. Les \u00c9tats-Unis devraient r\u00e9cup\u00e9rer plusieurs milliards de dollars.<\/strong><\/p>\n<p style=\"text-align: justify;\">L\u2019affaire Khashoggi est un des multiples exemples de l\u2019\u00e9thique \u00e0 g\u00e9om\u00e9trie variable des Occidentaux.<\/p>\n<h2>L\u2019Arabie des Saoud<\/h2>\n<p style=\"text-align: justify;\">Voici soixante-dix ans que l\u2019on ignore un fait criant\u00a0: l\u2019Arabie saoudite n\u2019est pas un \u00c9tat comme les autres. Il est la propri\u00e9t\u00e9 priv\u00e9e de son roi et tous ceux qui y r\u00e9sident ne sont que ses serfs. C\u2019est pourquoi il est d\u00e9sign\u00e9 comme la r\u00e9sidence de ses propri\u00e9taires, les Saoud, c\u2019est-\u00e0-dire l\u2019Arabie \u00ab\u00a0saoudite\u00a0\u00bb.<\/p>\n<p style=\"text-align: justify;\">Au XVIII\u00e8me si\u00e8cle, une tribu de b\u00e9douins, les Saoud, s\u2019allie \u00e0 la secte des wahhabites et se r\u00e9volte contre l\u2019Empire ottoman. Ils parviennent \u00e0 cr\u00e9er un royaume au Hedjaz, la r\u00e9gion de la p\u00e9ninsule arabique comprenant les villes saintes de l\u2019islam que sont M\u00e9dine et La Mecque. Ils sont bient\u00f4t r\u00e9prim\u00e9s par les Ottomans.<\/p>\n<p style=\"text-align: justify;\">Au d\u00e9but du XIX\u00e8me si\u00e8cle, un survivant de la tribu des Saoud l\u00e8ve une nouvelle r\u00e9volte. Cependant sa famille s\u2019entre-d\u00e9chire et perd \u00e0 nouveau.<\/p>\n<p style=\"text-align: justify;\">En d\u00e9finitive, au XX\u00e8me si\u00e8cle, les Britanniques misent sur les Saoud pour renverser l\u2019Empire ottoman et exploiter les ressources d\u2019hydrocarbures de la p\u00e9ninsule arabique. Avec l\u2019aide de Lawrence d\u2019Arabie, ils fondent le royaume actuel, le troisi\u00e8me de la tribu.<\/p>\n<p><a href=\"https:\/\/www.voltairenet.org\/article203577.html\" target=\"_blank\" rel=\"noopener\">Continuer la lecture sur le r\u00e9seau Voltaire \u2192<\/a><\/p>\n","protected":false},"excerpt":{"rendered":"<p>[Note de l&#8217;administrateur de ce blog : dans un pays o\u00f9 la priorit\u00e9 des journalistes semble actuellement de cracher sur le cercueil d&#8217;un homme qui n&#8217;a jamais vol\u00e9, tu\u00e9 ou m\u00eame agress\u00e9 physiquement personne, il ne faut pas s&#8217;attendre \u00e0 trouver dans la presse des analyses sur l&#8217;affaire Khashoggi qui aillent au-del\u00e0 de l&#8217;anecdotique, f\u00fbt-il [&hellip;]<\/p>\n","protected":false},"author":1,"featured_media":0,"comment_status":"open","ping_status":"open","sticky":false,"template":"","format":"standard","meta":[],"categories":[4,134],"tags":[432,1041,1040,1039,1042,58,186,433],"_links":{"self":[{"href":"https:\/\/aitia.fr\/erd\/wp-json\/wp\/v2\/posts\/11557"}],"collection":[{"href":"https:\/\/aitia.fr\/erd\/wp-json\/wp\/v2\/posts"}],"about":[{"href":"https:\/\/aitia.fr\/erd\/wp-json\/wp\/v2\/types\/post"}],"author":[{"embeddable":true,"href":"https:\/\/aitia.fr\/erd\/wp-json\/wp\/v2\/users\/1"}],"replies":[{"embeddable":true,"href":"https:\/\/aitia.fr\/erd\/wp-json\/wp\/v2\/comments?post=11557"}],"version-history":[{"count":13,"href":"https:\/\/aitia.fr\/erd\/wp-json\/wp\/v2\/posts\/11557\/revisions"}],"predecessor-version":[{"id":11571,"href":"https:\/\/aitia.fr\/erd\/wp-json\/wp\/v2\/posts\/11557\/revisions\/11571"}],"wp:attachment":[{"href":"https:\/\/aitia.fr\/erd\/wp-json\/wp\/v2\/media?parent=11557"}],"wp:term":[{"taxonomy":"category","embeddable":true,"href":"https:\/\/aitia.fr\/erd\/wp-json\/wp\/v2\/categories?post=11557"},{"taxonomy":"post_tag","embeddable":true,"href":"https:\/\/aitia.fr\/erd\/wp-json\/wp\/v2\/tags?post=11557"}],"curies":[{"name":"wp","href":"https:\/\/api.w.org\/{rel}","templated":true}]}}