{"id":11423,"date":"2018-10-19T13:14:07","date_gmt":"2018-10-19T11:14:07","guid":{"rendered":"https:\/\/aitia.fr\/erd\/?p=11423"},"modified":"2018-10-28T12:48:24","modified_gmt":"2018-10-28T11:48:24","slug":"la-licra-cherche-des-reponses-a-des-questions-quelle-na-pas-lhabitude-quon-lui-pose-isadora-duncan","status":"publish","type":"post","link":"https:\/\/aitia.fr\/erd\/la-licra-cherche-des-reponses-a-des-questions-quelle-na-pas-lhabitude-quon-lui-pose-isadora-duncan\/","title":{"rendered":"La LICRA cherche des r\u00e9ponses&#8230; \u00e0 des questions qu&#8217;elle n&#8217;a pas l&#8217;habitude qu&#8217;on lui pose ! (Isadora Duncan)"},"content":{"rendered":"<p style=\"text-align: justify;\">[<em>Note de l&#8217;administrateur de ce blog : j&#8217;avais depuis longtemps l&#8217;id\u00e9e d&#8217;\u00e9crire un article qui se serait intitul\u00e9 &#8220;La vaste arnaque de la lutte contre le racisme et l&#8217;antis\u00e9mitisme&#8221;, afin de montrer comment des \u00e9quipes de Tartuffe, eux-m\u00eames racistes de niveau olympique et vivant aux crochets de la soci\u00e9t\u00e9 fran\u00e7aise via des subventions injustifi\u00e9es et les revenus qu&#8217;ils tirent de proc\u00e8s o\u00f9 ils se constituent partie civile, osent donner des le\u00e7ons de vivre-ensemble \u00e0 un peuple dont le seul crime est de refuser l&#8217;injustice et le &#8220;deux poids-deux mesures&#8221;. <\/em><em>Il semble que ce soit inutile tant la LICRA, interrog\u00e9e avec talent par ce journaliste <a href=\"https:\/\/fr.wikipedia.org\/wiki\/Isadora_Duncan\" target=\"_blank\" rel=\"noopener\">sous pseudonyme<\/a> \u00e0 qui on pardonnera quelques fautes dans les sous-titres, se ridiculise elle-m\u00eame et montre en quelques minutes sa v\u00e9ritable nature d&#8217;agent de propagande sioniste et de pompe \u00e0 fric pour quelques Pieds nickel\u00e9s incapables d&#8217;exercer une activit\u00e9 productive. <\/em><\/p>\n<p style=\"text-align: justify;\"><em>Petit rappel historique : la LICRA est n\u00e9e initialement LICA (Ligue Internationale Contre l&#8217;Antis\u00e9mitisme) en f\u00e9vrier 1928, suite \u00e0 <a href=\"https:\/\/fr.wikipedia.org\/wiki\/Ligue_internationale_contre_le_racisme_et_l%27antis%C3%A9mitisme#L'origine_:_l'affaire_Petlioura_(1926-1927)\" target=\"_blank\" rel=\"noopener\">l&#8217;affaire Petlioura<\/a> o\u00f9 le r\u00e9volutionnaire juif <a href=\"https:\/\/fr.wikipedia.org\/wiki\/Samuel_Schwartzbard\" target=\"_blank\" rel=\"noopener\">Samuel Schwartzbard<\/a> avait assassin\u00e9 \u00e0 Paris le nationaliste ukrainien <a href=\"https:\/\/fr.wikipedia.org\/wiki\/Symon_Petlioura\" target=\"_blank\" rel=\"noopener\">Symon Petlioura<\/a>. Afin de faire passer les poursuites l\u00e9gitimes envers cet assassin pour de &#8220;l&#8217;antis\u00e9mitisme&#8221;, le futur premier pr\u00e9sident de la LICA, Bernard Lecache, fit une vaste campagne m\u00e9diatique et fonda la Ligue contre les pogroms, ce qui permit \u00e0 l&#8217;accus\u00e9 d&#8217;\u00eatre d\u00e9clar\u00e9 non coupable&#8230; alors m\u00eame qu&#8217;il avait revendiqu\u00e9 l&#8217;assassinat de Petlioura. La Ligue contre les pogroms devint la LICA, puis la Ligue Internationale contre le Racisme et l&#8217;Antis\u00e9mitisme en 1932, tout en conservant le sigle LICA (tiens, \u00e7a rappelle le CRIF cette manie d&#8217;oublier des lettres) ; sans doute pour faire croire \u00e0 un certain universalisme. Le sigle LICRA est finalement adopt\u00e9 en 1979.<\/em>]<\/p>\n<hr \/>\n<p style=\"text-align: center;\"><iframe loading=\"lazy\" src=\"https:\/\/www.youtube.com\/embed\/OdVDdrt9vho\" width=\"640\" height=\"360\" frameborder=\"0\" allowfullscreen=\"allowfullscreen\"><span style=\"display: inline-block; width: 0px; overflow: hidden; line-height: 0;\" data-mce-type=\"bookmark\" class=\"mce_SELRES_start\">\ufeff<\/span><\/iframe><\/p>\n","protected":false},"excerpt":{"rendered":"<p>[Note de l&#8217;administrateur de ce blog : j&#8217;avais depuis longtemps l&#8217;id\u00e9e d&#8217;\u00e9crire un article qui se serait intitul\u00e9 &#8220;La vaste arnaque de la lutte contre le racisme et l&#8217;antis\u00e9mitisme&#8221;, afin de montrer comment des \u00e9quipes de Tartuffe, eux-m\u00eames racistes de niveau olympique et vivant aux crochets de la soci\u00e9t\u00e9 fran\u00e7aise via des subventions injustifi\u00e9es et [&hellip;]<\/p>\n","protected":false},"author":1,"featured_media":0,"comment_status":"open","ping_status":"open","sticky":false,"template":"","format":"video","meta":[],"categories":[134,133,5],"tags":[125,226,43,56,514],"_links":{"self":[{"href":"https:\/\/aitia.fr\/erd\/wp-json\/wp\/v2\/posts\/11423"}],"collection":[{"href":"https:\/\/aitia.fr\/erd\/wp-json\/wp\/v2\/posts"}],"about":[{"href":"https:\/\/aitia.fr\/erd\/wp-json\/wp\/v2\/types\/post"}],"author":[{"embeddable":true,"href":"https:\/\/aitia.fr\/erd\/wp-json\/wp\/v2\/users\/1"}],"replies":[{"embeddable":true,"href":"https:\/\/aitia.fr\/erd\/wp-json\/wp\/v2\/comments?post=11423"}],"version-history":[{"count":6,"href":"https:\/\/aitia.fr\/erd\/wp-json\/wp\/v2\/posts\/11423\/revisions"}],"predecessor-version":[{"id":11429,"href":"https:\/\/aitia.fr\/erd\/wp-json\/wp\/v2\/posts\/11423\/revisions\/11429"}],"wp:attachment":[{"href":"https:\/\/aitia.fr\/erd\/wp-json\/wp\/v2\/media?parent=11423"}],"wp:term":[{"taxonomy":"category","embeddable":true,"href":"https:\/\/aitia.fr\/erd\/wp-json\/wp\/v2\/categories?post=11423"},{"taxonomy":"post_tag","embeddable":true,"href":"https:\/\/aitia.fr\/erd\/wp-json\/wp\/v2\/tags?post=11423"}],"curies":[{"name":"wp","href":"https:\/\/api.w.org\/{rel}","templated":true}]}}