{"id":11405,"date":"2018-10-18T07:15:39","date_gmt":"2018-10-18T05:15:39","guid":{"rendered":"https:\/\/aitia.fr\/erd\/?p=11405"},"modified":"2019-09-25T08:04:52","modified_gmt":"2019-09-25T06:04:52","slug":"operation-zahra-france-le-media-pour-tous","status":"publish","type":"post","link":"https:\/\/aitia.fr\/erd\/operation-zahra-france-le-media-pour-tous\/","title":{"rendered":"Op\u00e9ration Zahra France (Le M\u00e9dia pour Tous)"},"content":{"rendered":"<p style=\"text-align: justify;\"><a href=\"https:\/\/www.centre-zahra.com\/spiritualite\/pardonne-leur-ils-ne-savent-pas-ce-quils-font.html\" target=\"_blank\" rel=\"noopener noreferrer\"><img decoding=\"async\" loading=\"lazy\" class=\"alignleft wp-image-11416\" src=\"https:\/\/aitia.fr\/erd\/wp-content\/uploads\/2018\/10\/centre-Zahra-1-300x269.png\" alt=\"\" width=\"410\" height=\"368\" srcset=\"https:\/\/aitia.fr\/erd\/wp-content\/uploads\/2018\/10\/centre-Zahra-1-300x269.png 300w, https:\/\/aitia.fr\/erd\/wp-content\/uploads\/2018\/10\/centre-Zahra-1.png 580w\" sizes=\"(max-width: 410px) 100vw, 410px\" \/><\/a>[<em>Note de l&#8217;administrateur de ce blog : lutte contre le terrorisme ou lutte <strong>par<\/strong> le terrorisme ? Les autorit\u00e9s fran\u00e7aises, et les media de grand chemin \u00e0 leur botte, ont pr\u00e9sent\u00e9 la <a href=\"https:\/\/www.lefigaro.fr\/flash-actu\/2018\/10\/02\/97001-20181002FILWWW00030-grande-synthe-vaste-operation-antiterroriste-visant-une-association.php\" target=\"_blank\" rel=\"noopener noreferrer\">perquisition<\/a> ayant eu lieu au <a href=\"https:\/\/www.centre-zahra.com\/\" target=\"_blank\" rel=\"noopener noreferrer\">Centre Zahra<\/a> le 2 octobre, puis la <a href=\"https:\/\/www.lefigaro.fr\/flash-actu\/2018\/10\/17\/97001-20181017FILWWW00230-grande-synthe-la-fermeture-du-centre-chiite-zahra-ordonnee.php\" target=\"_blank\" rel=\"noopener noreferrer\">fermeture de ce centre<\/a> ordonn\u00e9e le 15 octobre par le pr\u00e9fet du Nord Michel Lalande, comme une <a href=\"https:\/\/www.lefigaro.fr\/flash-actu\/2018\/10\/02\/97001-20181002FILWWW00030-grande-synthe-vaste-operation-antiterroriste-visant-une-association.php\" target=\"_blank\" rel=\"noopener noreferrer\">&#8220;op\u00e9ration antiterroriste&#8221;<\/a>. <\/em><\/p>\n<p style=\"text-align: justify;\"><em>Pourtant, n&#8217;importe qui peut v\u00e9rifier que <a href=\"https:\/\/aitia.fr\/erd\/chroniques-des-sciences-inhumaines-et-asociales-episode-1\/\" target=\"_blank\" rel=\"noopener noreferrer\">le terrorisme &#8220;islamiste&#8221;<\/a> qui a donn\u00e9 naissance \u00e0 Daech trouve sa source dans le wahhabisme, <a href=\"https:\/\/fr.wikipedia.org\/wiki\/Wahhabisme\" target=\"_blank\" rel=\"noopener noreferrer\">une secte musulmane sunnite<\/a> ayant son origine et ses soutiens en <a href=\"https:\/\/fr.wikipedia.org\/wiki\/Wahhabisme#Berceau_du_Nejd\" target=\"_blank\" rel=\"noopener noreferrer\">Arabie Saoudite<\/a> et au <a href=\"https:\/\/fr.wikipedia.org\/wiki\/Wahhabisme#Fief_du_Qatar\" target=\"_blank\" rel=\"noopener noreferrer\">Qatar<\/a>, et utilis\u00e9e depuis bien longtemps comme outil de d\u00e9stabilisation politique par le monde anglo-am\u00e9ricain (voir \u00e0 ce sujet l&#8217;excellent petit livre de Jean-Michel Vernochet, <a href=\"https:\/\/editions.sigest.net\/page00010156.html\" target=\"_blank\" rel=\"noopener noreferrer\">Les \u00c9gar\u00e9s<\/a>, dont Michel Drac <a href=\"https:\/\/www.youtube.com\/watch?v=4xeu9qwbeT8\" target=\"_blank\" rel=\"noopener noreferrer\">propose ici<\/a> une fiche de lecture vid\u00e9o). <\/em><\/p>\n<p style=\"text-align: justify;\"><em>Par ailleurs, n&#8217;importe qui peut \u00e9galement v\u00e9rifier que le chiisme, dont se r\u00e9clame le centre Zahra, <a href=\"https:\/\/fr.wikipedia.org\/wiki\/Chiisme#Les_chiites_dans_le_monde\" target=\"_blank\" rel=\"noopener noreferrer\">a son centre en Iran<\/a> (et le financement du centre Zahra par l&#8217;Iran n&#8217;est un myst\u00e8re pour personne), un pays constamment <a href=\"https:\/\/www.cercledesvolontaires.fr\/2014\/10\/05\/mahmoud-ahmadinejad-na-jamais-declare-quil-souhaitait-rayer-israel-carte-propagande-ete-repandue-lobbies-sionistes\/\" target=\"_blank\" rel=\"noopener noreferrer\">diabolis\u00e9 par la propagande sioniste<\/a> (<a href=\"https:\/\/enquetesetrevelations.files.wordpress.com\/2012\/12\/la-rumeur-du-siecle-rayer-israel-de-la-carte.pdf\" target=\"_blank\" rel=\"noopener noreferrer\">voir ici sur le m\u00eame sujet<\/a>, la traduction de trois articles parus dans la presse \u00e9trang\u00e8re) alors que <a href=\"https:\/\/aitia.fr\/erd\/publicite-comparative-israel-iran\/\" target=\"_blank\" rel=\"noopener noreferrer\">l&#8217;analyse comparative de textes<\/a> de responsables sionistes et de chefs religieux iraniens permet de rapidement savoir qui est un fanatique violent et qui ne l&#8217;est pas. Et n&#8217;importe qui peut \u00e9galement v\u00e9rifier l&#8217;implication de l&#8217;Iran, aux c\u00f4t\u00e9s de la Russie, dans l&#8217;\u00e9crasement de Daech en Syrie donc du terrorisme &#8220;islamiste&#8221; dans ce qu&#8217;il a de plus barbare. Implication parfaitement logique puisque &#8220;l&#8217;\u00c9tat islamique&#8221; <a href=\"https:\/\/fr.wikipedia.org\/wiki\/%C3%89tat_islamique_(organisation)#Id%C3%A9ologie\" target=\"_blank\" rel=\"noopener noreferrer\">affirme tr\u00e8s clairement<\/a> son hostilit\u00e9 au chiisme.<br \/>\n<\/em><\/p>\n<p><!--more--><\/p>\n<p style=\"text-align: justify;\"><em>N&#8217;importe qui peut \u00e9galement v\u00e9rifier que Yahia Gouasmi, responsable du Centre Zahra, est \u00e9galement le pr\u00e9sident du <a href=\"https:\/\/web.archive.org\/web\/20190519062106\/http:\/\/www.partiantisioniste.com\/\" target=\"_blank\" rel=\"noopener noreferrer\">Parti Antisioniste<\/a> et qu&#8217;il se pr\u00e9senta aux \u00e9lections <a href=\"https:\/\/aitia.fr\/erd\/wp-content\/uploads\/2014\/12\/dieudonne-lista-antisionista.png\" target=\"_blank\" rel=\"noopener noreferrer\">aux c\u00f4t\u00e9s d&#8217;Alain Soral et de Dieudonn\u00e9<\/a> (&#8230; et d&#8217;un juif qui n&#8217;eut pas l&#8217;honneur des media, <a href=\"https:\/\/www.cercledesvolontaires.fr\/2014\/08\/02\/entretien-avec-shmiel-mordche-borreman-partie-1-histoire-du-sionisme\/\" target=\"_blank\" rel=\"noopener noreferrer\">Shmiel Mordche Borreman<\/a>).<\/em><\/p>\n<p style=\"text-align: justify;\"><em>La simple logique conduit donc \u00e0 cette conclusion : soit l&#8217;\u00c9tat fran\u00e7ais et ses loyaux serviteurs montrent, avec l&#8217;op\u00e9ration Zahra France, qu&#8217;ils ont des Q.I. de moule (voire de m\u00e9duse), soit ils agissent <a href=\"https:\/\/lesmoutonsenrages.fr\/2017\/10\/04\/rappel-jean-loup-izambert-56-12\/\" target=\"_blank\" rel=\"noopener noreferrer\">au nom d&#8217;int\u00e9r\u00eats \u00e9trangers et criminels<\/a>. \u00c0 vous de voir, avec l&#8217;aide de Vincent Lapierre, dont je critiquais r\u00e9cemment le reportage complaisant sur la Nouvelle Librairie via <a href=\"https:\/\/aitia.fr\/erd\/le-piege-mediatique\/\" target=\"_blank\" rel=\"noopener noreferrer\">l&#8217;analyse impitoyable<\/a> qu&#8217;en faisait Alain Soral, mais dont je salue ici le travail dont on aimerait retrouver l&#8217;\u00e9quivalent chez d&#8217;autres &#8220;journalistes&#8221;.<\/em>]<\/p>\n<hr \/>\n<p style=\"text-align: center;\"><iframe loading=\"lazy\" src=\"https:\/\/www.youtube.com\/embed\/bentGCtwo5o\" width=\"640\" height=\"360\" frameborder=\"0\" allowfullscreen=\"allowfullscreen\"><span style=\"display: inline-block; width: 0px; overflow: hidden; line-height: 0;\" data-mce-type=\"bookmark\" class=\"mce_SELRES_start\">\ufeff<\/span><\/iframe><\/p>\n","protected":false},"excerpt":{"rendered":"<p>[Note de l&#8217;administrateur de ce blog : lutte contre le terrorisme ou lutte par le terrorisme ? Les autorit\u00e9s fran\u00e7aises, et les media de grand chemin \u00e0 leur botte, ont pr\u00e9sent\u00e9 la perquisition ayant eu lieu au Centre Zahra le 2 octobre, puis la fermeture de ce centre ordonn\u00e9e le 15 octobre par le pr\u00e9fet [&hellip;]<\/p>\n","protected":false},"author":1,"featured_media":0,"comment_status":"open","ping_status":"open","sticky":false,"template":"","format":"video","meta":[],"categories":[4,134,133,29],"tags":[508,1031,1034,1032,53,993,1033,56,71,433,1035],"_links":{"self":[{"href":"https:\/\/aitia.fr\/erd\/wp-json\/wp\/v2\/posts\/11405"}],"collection":[{"href":"https:\/\/aitia.fr\/erd\/wp-json\/wp\/v2\/posts"}],"about":[{"href":"https:\/\/aitia.fr\/erd\/wp-json\/wp\/v2\/types\/post"}],"author":[{"embeddable":true,"href":"https:\/\/aitia.fr\/erd\/wp-json\/wp\/v2\/users\/1"}],"replies":[{"embeddable":true,"href":"https:\/\/aitia.fr\/erd\/wp-json\/wp\/v2\/comments?post=11405"}],"version-history":[{"count":15,"href":"https:\/\/aitia.fr\/erd\/wp-json\/wp\/v2\/posts\/11405\/revisions"}],"predecessor-version":[{"id":13639,"href":"https:\/\/aitia.fr\/erd\/wp-json\/wp\/v2\/posts\/11405\/revisions\/13639"}],"wp:attachment":[{"href":"https:\/\/aitia.fr\/erd\/wp-json\/wp\/v2\/media?parent=11405"}],"wp:term":[{"taxonomy":"category","embeddable":true,"href":"https:\/\/aitia.fr\/erd\/wp-json\/wp\/v2\/categories?post=11405"},{"taxonomy":"post_tag","embeddable":true,"href":"https:\/\/aitia.fr\/erd\/wp-json\/wp\/v2\/tags?post=11405"}],"curies":[{"name":"wp","href":"https:\/\/api.w.org\/{rel}","templated":true}]}}