{"id":11367,"date":"2018-10-13T07:42:22","date_gmt":"2018-10-13T05:42:22","guid":{"rendered":"https:\/\/aitia.fr\/erd\/?p=11367"},"modified":"2019-09-25T08:04:39","modified_gmt":"2019-09-25T06:04:39","slug":"le-piege-mediatique","status":"publish","type":"post","link":"https:\/\/aitia.fr\/erd\/le-piege-mediatique\/","title":{"rendered":"Le pi\u00e8ge m\u00e9diatique"},"content":{"rendered":"<p style=\"text-align: justify;\"><img decoding=\"async\" loading=\"lazy\" class=\"alignleft wp-image-11375 size-full\" src=\"https:\/\/aitia.fr\/erd\/wp-content\/uploads\/2018\/10\/615px-As_seen_on_TV.svg_-e1539433101775.png\" alt=\"\" width=\"300\" height=\"234\" \/>Ce n&#8217;est pas un hasard si dans le &#8220;nuage de mots&#8221; qu&#8217;on peut trouver \u00e0 droite sur cette page, &#8220;mediamensonges&#8221; est le plus important. C&#8217;est en effet par la prise de conscience de la multiplicit\u00e9 des mensonges qui nous entourent qu&#8217;est n\u00e9e la motivation d&#8217;\u00e9crire ce blog, car comme le disait Eric Arthur Blair alias George Orwell, &#8220;<em>\u00e0 une \u00e9poque de supercherie universelle, dire la v\u00e9rit\u00e9 est un acte r\u00e9volutionnaire<\/em>&#8220;<span id='easy-footnote-1-11367' class='easy-footnote-margin-adjust'><\/span><span class='easy-footnote'><a href='https:\/\/aitia.fr\/erd\/le-piege-mediatique\/#easy-footnote-bottom-1-11367' title='&amp;#8220;&lt;em&gt;In a time of deceit telling the truth is a revolutionary act.&lt;\/em&gt;&amp;#8220;'><sup>1<\/sup><\/a><\/span>.<\/p>\n<p style=\"text-align: justify;\">D&#8217;autres ont eu cette envie avant moi, et \u00e0 l&#8217;occasion de divers \u00e9v\u00e9nements, comme <a href=\"https:\/\/chouard.org\/blog\/\" target=\"_blank\" rel=\"noopener noreferrer\">\u00c9tienne Chouard<\/a> qui a compris la nature illusoire de notre &#8220;d\u00e9mocratie&#8221; au moment du r\u00e9f\u00e9rendum sur la constitution europ\u00e9enne de 2005, et qui selon le tr\u00e8s d\u00e9rang\u00e9 Francis Kalifat <a href=\"https:\/\/aitia.fr\/erd\/les-etranges-inventions-de-m-kalifat\/\" target=\"_blank\" rel=\"noopener noreferrer\">appartient \u00e0 &#8220;l&#8217;extr\u00eame-droite&#8221;<\/a> &#8211; mais le r\u00e9gime sioniste supr\u00e9maciste qu&#8217;il soutient ne saurait, bien s\u00fbr, \u00eatre class\u00e9 dans la m\u00eame cat\u00e9gorie ! Ou encore Vincent Lapierre, docteur en \u00e9conomie et <a href=\"https:\/\/web.archive.org\/web\/20181001031123\/http:\/\/www.kontrekulture.com:80\/produit\/hugo-chavez-la-patrie-au-coeur-0\" target=\"_blank\" rel=\"noopener noreferrer\">grand connaisseur du chavisme<\/a> devenu journaliste par r\u00e9action aux mensonges des media occidentaux sur l&#8217;homme qu&#8217;il admire et dont il a traduit les discours.<\/p>\n<p><!--more--><\/p>\n<p style=\"text-align: justify;\">Vincent m&#8217;a interrog\u00e9 le 13 septembre dernier \u00e0 Paris, au sujet des pers\u00e9cutions lanc\u00e9es contre moi par le lobby sioniste, et permis de remuer ainsi quelques consciences alors que la discr\u00e9tion est de mise lorsqu&#8217;il s&#8217;agit de faire taire par les moyens les plus arbitraires &#8211; comme la loi Gayssot, v\u00e9ritable <a href=\"https:\/\/aitia.fr\/erd\/la-republique-des-censeurs\/\" target=\"_blank\" rel=\"noopener noreferrer\">couteau suisse de la r\u00e9pression politique<\/a> &#8211; les antisionistes ou tous ceux qui rappellent des \u00e9vidences g\u00eanantes : par exemple, que la science est allergique aux dogmes, et que l&#8217;imposition par la menace d&#8217;un dogme historique revient \u00e0 rayer l&#8217;histoire de la liste des sciences. Je suis donc tr\u00e8s reconnaissant \u00e0 Vincent d&#8217;avoir diffus\u00e9 cette vid\u00e9o, que vous pouvez voir ci-dessous et totalisant \u00e0 ce jour plus de 54 000 vues :<\/p>\n<p style=\"text-align: center;\"><iframe loading=\"lazy\" width=\"640\" height=\"360\" src=\"https:\/\/www.youtube.com\/embed\/kJysE8m8rws\" frameborder=\"0\" allow=\"accelerometer; autoplay; encrypted-media; gyroscope; picture-in-picture\" allowfullscreen><\/iframe><\/p>\n<p style=\"text-align: justify;\">Mais qui aime bien ch\u00e2tie bien, et j&#8217;ai tout de m\u00eame quelques reproches \u00e0 lui faire quant aux choix qu&#8217;il a faits pour le montage. Le titre apparaissant \u00e0 l&#8217;\u00e9cran n&#8217;est pas critiquable ni m\u00eame exag\u00e9r\u00e9 : en effet, <a href=\"https:\/\/aitia.fr\/erd\/wp-content\/uploads\/2017\/10\/lettre-CRIF-2017-02-06.pdf\" target=\"_blank\" rel=\"noopener noreferrer\">selon le CRIF<\/a> je suis un &#8220;savant fou&#8221;, un &#8220;militant d&#8217;extr\u00eame-droite hallucin\u00e9&#8221; dont le cas &#8220;ressort de la psychiatrie&#8221;. Par contre la pr\u00e9sentation des griefs retenus officiellement contre moi par mon universit\u00e9 (de 29 \u00e0 35 secondes dans la vid\u00e9o) est fausse, ou au moins trompeuse : bien entendu, aucun texte ne permet de me condamner pour exprimer &#8220;ma sympathie pour Christophe Oberlin&#8221; ou m\u00eame (pour l&#8217;instant) pour mes <a href=\"https:\/\/aitia.fr\/erd\/le-11-septembre-une-mine-pour-les-physiciens\/\" target=\"_blank\" rel=\"noopener noreferrer\">tentatives de vulgarisation<\/a> sur la physique <em>harrypotterrienne<\/em> de la th\u00e9orie du complot officielle sur le 11 Septembre.<\/p>\n<p style=\"text-align: justify;\">La censure doit donc s&#8217;exercer par des moyens d\u00e9tourn\u00e9s, comme une pr\u00e9tendue &#8220;lutte contre le racisme et l&#8217;antis\u00e9mitisme&#8221;<span id='easy-footnote-2-11367' class='easy-footnote-margin-adjust'><\/span><span class='easy-footnote'><a href='https:\/\/aitia.fr\/erd\/le-piege-mediatique\/#easy-footnote-bottom-2-11367' title='Dont les acteurs sont d&amp;#8217;inconditionnels d\u00e9fenseurs du r\u00e9gime d&amp;#8217;apartheid isra\u00e9lien, qui ont eu le culot de &lt;a href=&quot;https:\/\/twitter.com\/FrancisKalifat\/status\/1050356571916652545?ref_src=twsrc%5Etfw&quot; target=&quot;_blank&quot; rel=&quot;noopener noreferrer&quot;&gt;reprocher \u00e0 France 2&lt;\/a&gt; la diffusion d&amp;#8217;un documentaire sur Gaza et d&amp;#8217;en redouter les &amp;#8220;cons\u00e9quences dramatiques sur les fran\u00e7ais juifs&amp;#8221; alors qu&amp;#8217;ils en sont les premiers responsables, voulant imposer de force les \u00e9quations Isra\u00ebl\u00a0 = \u00c9tat juif et antisionisme = antis\u00e9mitisme.'><sup>2<\/sup><\/a><\/span> ou encore la chasse aux &#8220;n\u00e9gationnistes&#8221;, un terme vide de sens au plan \u00e9pist\u00e9mologique, puisqu&#8217;on peut l&#8217;appliquer m\u00eame aux &#8220;vedettes&#8221; de l&#8217;histoire de la Shoah dont les \u0153uvres sont massivement diffus\u00e9es dans toutes les biblioth\u00e8ques, et dont les propos<span id='easy-footnote-3-11367' class='easy-footnote-margin-adjust'><\/span><span class='easy-footnote'><a href='https:\/\/aitia.fr\/erd\/le-piege-mediatique\/#easy-footnote-bottom-3-11367' title='que certains coll\u00e8gues, sans doute peu entra\u00een\u00e9s \u00e0 la recherche bibliographique et croyant qu&amp;#8217;ils venaient de moi, ont qualifi\u00e9s de &amp;#8220;gerbants&amp;#8221;'><sup>3<\/sup><\/a><\/span> ont servi de base \u00e0 l&#8217;introduction de l&#8217;article &#8220;<a href=\"https:\/\/aitia.fr\/erd\/les-sixmillions\/\" target=\"_blank\" rel=\"noopener noreferrer\">Les <em>sixmillions<\/em><\/a>&#8221; .<\/p>\n<p style=\"text-align: justify;\">Il est certes commode de faire s&#8217;indigner les spectateurs d&#8217;une vid\u00e9o par des actes d&#8217;accusation r\u00e9voltants, mais il est plus salutaire \u00e0 mon sens de leur faire comprendre comment s&#8217;op\u00e8re un lent glissement vers la dictature, comment le diable prend peu \u00e0 peu le contr\u00f4le des consciences au nom du Bien et comment, aujourd&#8217;hui comme en 1940, les <em>collabos<\/em> se mettent \u00e0 son service avec la certitude &#8211; plus ou moins molle suivant leur degr\u00e9 d&#8217;intelligence &#8211; d&#8217;\u00eatre du bon c\u00f4t\u00e9. Et pour cela, mieux vaut d\u00e9cortiquer &#8211; ce qui demande certes plus de temps &#8211; les <em>pr\u00e9textes raisonnables<\/em> d&#8217;une accusation pour montrer leur d\u00e9raison, plut\u00f4t que d&#8217;ass\u00e9ner d&#8217;embl\u00e9e de vraies raisons<span id='easy-footnote-4-11367' class='easy-footnote-margin-adjust'><\/span><span class='easy-footnote'><a href='https:\/\/aitia.fr\/erd\/le-piege-mediatique\/#easy-footnote-bottom-4-11367' title='Il est en effet tr\u00e8s mal vu par le pouvoir v\u00e9ritable de soutenir un antisioniste &lt;a href=&quot;https:\/\/silviacattori.net\/article5272.html&quot; target=&quot;_blank&quot; rel=&quot;noopener noreferrer&quot;&gt;ayant d\u00e9fendu Dieudonn\u00e9&lt;\/a&gt;, ou de montrer l&amp;#8217;effroyable imposture des attentats du 11 Septembre pour faire comprendre qu&amp;#8217;ils ne relevaient en rien du terrorisme &amp;#8220;islamiste&amp;#8221;.'><sup>4<\/sup><\/a><\/span> qui ne sont jamais officiellement avanc\u00e9es.<\/p>\n<p style=\"text-align: justify;\">R\u00e9cemment, Vincent Lapierre a <a href=\"https:\/\/www.youtube.com\/watch?v=Kv1zl1mb0B0\" target=\"_blank\" rel=\"noopener noreferrer\">fait un reportage<\/a> lors d&#8217;une s\u00e9ance de d\u00e9dicaces \u00e0 la Nouvelle Librairie des ouvrages d&#8217;\u00c9ric Zemmour, ce journaliste victime de &#8220;censure promotionnelle&#8221;, <a href=\"https:\/\/www.closermag.fr\/people\/info-closer-vingt-policiers-pour-proteger-une-seance-de-dedicace-d-eric-zemmour-875236\" target=\"_blank\" rel=\"noopener noreferrer\">prot\u00e9g\u00e9 par d&#8217;importants moyens policiers<\/a> et qui s&#8217;enrichit en diffusant massivement du sous-Soral avec du racisme anti-Arabe et de l&#8217;islamophobie en plus<span id='easy-footnote-5-11367' class='easy-footnote-margin-adjust'><\/span><span class='easy-footnote'><a href='https:\/\/aitia.fr\/erd\/le-piege-mediatique\/#easy-footnote-bottom-5-11367' title='Mais il para\u00eet que c&amp;#8217;est Soral le raciste&amp;#8230;'><sup>5<\/sup><\/a><\/span>. On note dans ce reportage, o\u00f9 Vincent appara\u00eet \u00e0 l&#8217;\u00e9cran, une certaine complaisance avec le public d&#8217;\u00c9ric Zemmour qui tranche avec <a href=\"https:\/\/www.youtube.com\/watch?v=Kv1zl1mb0B0&amp;t=28s\" target=\"_blank\" rel=\"noopener noreferrer\">le g\u00e9n\u00e9rique du M\u00e9dia pour Tous<\/a>, reprenant quelques actions &#8220;h\u00e9ro\u00efques&#8221; des reportages pass\u00e9s de Vincent Lapierre et s&#8217;affirmant &#8220;le m\u00e9dia authentique du peuple fran\u00e7ais&#8221;. Alain Soral en a fait une tr\u00e8s int\u00e9ressante analyse, que certains pourront trouver dure par moments &#8211; c&#8217;est du Soral &#8211; mais qui est toujours argument\u00e9e et rationnelle. Le fin sociologue &#8211; ou sociologue punk, diront certains &#8211; qu&#8217;est Alain Soral montre tr\u00e8s bien le danger de la m\u00e9diatisation lorsqu&#8217;elle aboutit \u00e0 la recherche de la popularit\u00e9 au d\u00e9triment de la profondeur de r\u00e9flexion, \u00e0 &#8220;capitaliser&#8221; sur des actions courageuses pass\u00e9es pour se &#8220;fondre dans le moule&#8221; d&#8217;une pseudo-contestation soigneusement encadr\u00e9e par le pouvoir.<\/p>\n<p style=\"text-align: justify;\">Orwell disait encore : <em>&#8220;Parler de libert\u00e9 n&#8217;a de sens qu&#8217;\u00e0 condition que ce soit la libert\u00e9 de dire aux gens ce qu&#8217;ils n&#8217;ont pas envie d&#8217;entendre.&#8221;<\/em><span id='easy-footnote-6-11367' class='easy-footnote-margin-adjust'><\/span><span class='easy-footnote'><a href='https:\/\/aitia.fr\/erd\/le-piege-mediatique\/#easy-footnote-bottom-6-11367' title='&lt;em&gt;&amp;#8220;If liberty means anything at all, it means the right to tell people what they do not want to hear.&amp;#8221;&lt;\/em&gt;'><sup>6<\/sup><\/a><\/span> Pour cette raison, et aussi pour montrer \u00e0 ceux qui en doutent encore qu&#8217;Alain Soral n&#8217;est pas un &#8220;facho&#8221; mais un vrai penseur, je diffuse ci-dessous le commentaire par Alain Soral de la vid\u00e9o de Vincent. En esp\u00e9rant qu&#8217;il en tirera des le\u00e7ons !<\/p>\n<p style=\"text-align: center;\"><iframe loading=\"lazy\" src=\"https:\/\/www.youtube.com\/embed\/1W1v0jZDrQ0\" width=\"640\" height=\"360\" frameborder=\"0\" allowfullscreen=\"allowfullscreen\"><\/iframe><\/p>\n\n<style type=\"text\/css\">\n<!--\n\n.prisna-gwt-align-left {\n\ttext-align: left !important;\n}\n.prisna-gwt-align-right {\n\ttext-align: right !important;\n}\n\n\n.prisna-gwt-flags-container {\n\tlist-style: none !important;\n\tmargin: 0 !important;\n\tpadding: 0 !important;\n\tborder: none !important;\n\tclear: both !important;\n}\n.prisna-gwt-flag-container {\n\tlist-style: none !important;\n\tdisplay: inline-block;\n\tmargin: 0 2px 0 0 !important;\n\tpadding: 0 !important;\n\tborder: none !important;\n}\n.prisna-gwt-flag-container a {\n\tdisplay: inline-block;\n\tmargin: 0 !important;\n\tpadding: 0 !important;\n\tborder: none !important;\n\tbackground-repeat: no-repeat !important;\n\tbackground-image: url(https:\/\/aitia.fr\/erd\/wp-content\/plugins\/google-website-translator\/images\/all.png) !important;\n\twidth: 22px !important;\n\theight: 16px !important;\n}\n.prisna-gwt-language-en a { background-position: 0px 0px !important; }\n.prisna-gwt-language-ar a { background-position: -44px -32px !important; }\n.prisna-gwt-language-eu a { background-position: -110px -32px !important; }\n.prisna-gwt-language-bg a { background-position: -198px -32px !important; }\n.prisna-gwt-language-ca a { background-position: 0px -48px !important; }\n.prisna-gwt-language-zh-CN a { background-position: -132px 0px !important; }\n.prisna-gwt-language-zh-TW a { background-position: -154px 0px !important; }\n.prisna-gwt-language-cs a { background-position: -88px -48px !important; }\n.prisna-gwt-language-da a { background-position: -110px -16px !important; }\n.prisna-gwt-language-nl a { background-position: -44px 0px !important; }\n.prisna-gwt-language-fr a { background-position: -22px 0px !important; }\n.prisna-gwt-language-de a { background-position: -88px 0px !important; }\n.prisna-gwt-language-el a { background-position: -66px 0px !important; }\n.prisna-gwt-language-ga a { background-position: -110px -64px !important; }\n.prisna-gwt-language-it a { background-position: -176px -16px !important; }\n.prisna-gwt-language-ja a { background-position: -198px -16px !important; }\n.prisna-gwt-language-km a { background-position: -154px -64px !important; }\n.prisna-gwt-language-ko a { background-position: -176px -64px !important; }\n.prisna-gwt-language-ms a { background-position: -88px -80px !important; }\n.prisna-gwt-language-no a { background-position: -88px -16px !important; }\n.prisna-gwt-language-fa a { background-position: 0px -96px !important; }\n.prisna-gwt-language-pl a { background-position: -176px 0px !important; }\n.prisna-gwt-language-pt a { background-position: -198px 0px !important; }\n.prisna-gwt-language-pa a { background-position: -22px -16px !important; }\n.prisna-gwt-language-ro a { background-position: -44px -16px !important; }\n.prisna-gwt-language-ru a { background-position: -66px -16px !important; }\n.prisna-gwt-language-sr a { background-position: -22px -96px !important; }\n.prisna-gwt-language-es a { background-position: -110px 0px !important; }\n.prisna-gwt-language-th a { background-position: 0px -16px !important; }\n.prisna-gwt-language-tr a { background-position: -154px -96px !important; }\n.prisna-gwt-language-uk a { background-position: -176px -96px !important; }\n.prisna-gwt-language-vi a { background-position: -22px -64px !important; }\n\n\n#goog-gt-tt,\n.goog-tooltip,\n.goog-tooltip:hover {\n\tdisplay: none !important;\n}\n.goog-text-highlight {\n\tbackground-color: transparent !important;\n\tborder: none !important;\n\tbox-shadow: none !important;\n}\n.translated-rtl font,\n.translated-ltr font {\n\tbackground-color: transparent !important;\n\tbox-shadow: none !important;\n\tbox-sizing: border-box !important;\n\t-webkit-box-sizing: border-box !important;\n\t-moz-box-sizing: border-box !important;\n}\n\n-->\n<\/style>\n\n\n\n<script type=\"text\/javascript\">\n\/*<![CDATA[*\/\nvar PrisnaGWT = {\n\n\t_fire_event: function(_element, _event) {\n\t\t\n\t\ttry {\n\t\t\tif (document.createEvent) {\n\t\t\t\tvar ev = document.createEvent(\"HTMLEvents\");\n\t\t\t\tev.initEvent(_event, true, true);\n\t\t\t\t_element.dispatchEvent(ev);\n\t\t\t} \n\t\t\telse {\n\t\t\t\tvar ev = document.createEventObject();\n\t\t\t\t_element.fireEvent(\"on\" + _event, ev);\n\t\t\t}\n\t\t} \n\t\tcatch (e) {\n\t\t\tconsole.log(\"Prisna GWT: Browser not supported!\");\n\t\t}\n\t\t\n\t},\n\n\t_restore: function() {\n\n\t\tvar b, d = false;\n\t\tvar c =  document.getElementById(\"\\:1\\.container\");\n\t\tif (c)\n\t\t\td = c.contentWindow.document.getElementById(\"\\:1\\.restore\");\n\t\t\n\t\tif (d)\n\t\t\tthis._fire_event(d, \"click\");\n\n\t},\n\t\n\ttranslate: function(_language) {\n\t\n\t\tvar element;\n\t\tvar combos = document.getElementsByTagName(\"select\"); \/\/ IE8 doesn't support getElementsByClassName\n\t\t\n\t\tfor (var i=0; i<combos.length; i++)\n\t\t\tif (combos[i].className == \"goog-te-combo\")\n\t\t\t\telement = combos[i];\n\t\t\n\t\tif (!element)\n\t\t\treturn;\n\t\t\n\t\tif (_language == \"fr\")\n\t\t\tthis._restore();\n\t\telse {\n\t\t\telement.value = _language;\n\t\t\tthis._fire_event(element, \"change\");\n\t\t}\n\n\t}\n\t\n};\n\/*]]>*\/\n<\/script>\n<ul class=\"prisna-gwt-flags-container prisna-gwt-align-right notranslate\">\n\t<li class=\"prisna-gwt-flag-container prisna-gwt-language-ar\">\n\t<a href=\"javascript:;\" onclick=\"PrisnaGWT.translate('ar'); return false;\" title=\"Arabic\"><\/a>\n<\/li><li class=\"prisna-gwt-flag-container prisna-gwt-language-zh-CN\">\n\t<a href=\"javascript:;\" onclick=\"PrisnaGWT.translate('zh-CN'); return false;\" title=\"Chinese Simplified\"><\/a>\n<\/li><li class=\"prisna-gwt-flag-container prisna-gwt-language-zh-TW\">\n\t<a href=\"javascript:;\" onclick=\"PrisnaGWT.translate('zh-TW'); return false;\" title=\"Chinese Traditional\"><\/a>\n<\/li><li class=\"prisna-gwt-flag-container prisna-gwt-language-nl\">\n\t<a href=\"javascript:;\" onclick=\"PrisnaGWT.translate('nl'); return false;\" title=\"Dutch\"><\/a>\n<\/li><li class=\"prisna-gwt-flag-container prisna-gwt-language-en\">\n\t<a href=\"javascript:;\" onclick=\"PrisnaGWT.translate('en'); return false;\" title=\"English\"><\/a>\n<\/li><li class=\"prisna-gwt-flag-container prisna-gwt-language-fr\">\n\t<a href=\"javascript:;\" onclick=\"PrisnaGWT.translate('fr'); return false;\" title=\"French\"><\/a>\n<\/li><li class=\"prisna-gwt-flag-container prisna-gwt-language-de\">\n\t<a href=\"javascript:;\" onclick=\"PrisnaGWT.translate('de'); return false;\" title=\"German\"><\/a>\n<\/li><li class=\"prisna-gwt-flag-container prisna-gwt-language-el\">\n\t<a href=\"javascript:;\" onclick=\"PrisnaGWT.translate('el'); return false;\" title=\"Greek\"><\/a>\n<\/li><li class=\"prisna-gwt-flag-container prisna-gwt-language-it\">\n\t<a href=\"javascript:;\" onclick=\"PrisnaGWT.translate('it'); return false;\" title=\"Italian\"><\/a>\n<\/li><li class=\"prisna-gwt-flag-container prisna-gwt-language-ja\">\n\t<a href=\"javascript:;\" onclick=\"PrisnaGWT.translate('ja'); return false;\" title=\"Japanese\"><\/a>\n<\/li><li class=\"prisna-gwt-flag-container prisna-gwt-language-ms\">\n\t<a href=\"javascript:;\" onclick=\"PrisnaGWT.translate('ms'); return false;\" title=\"Malay\"><\/a>\n<\/li><li class=\"prisna-gwt-flag-container prisna-gwt-language-fa\">\n\t<a href=\"javascript:;\" onclick=\"PrisnaGWT.translate('fa'); return false;\" title=\"Persian\"><\/a>\n<\/li><li class=\"prisna-gwt-flag-container prisna-gwt-language-pt\">\n\t<a href=\"javascript:;\" onclick=\"PrisnaGWT.translate('pt'); return false;\" title=\"Portuguese\"><\/a>\n<\/li><li class=\"prisna-gwt-flag-container prisna-gwt-language-ro\">\n\t<a href=\"javascript:;\" onclick=\"PrisnaGWT.translate('ro'); return false;\" title=\"Romanian\"><\/a>\n<\/li><li class=\"prisna-gwt-flag-container prisna-gwt-language-ru\">\n\t<a href=\"javascript:;\" onclick=\"PrisnaGWT.translate('ru'); return false;\" title=\"Russian\"><\/a>\n<\/li><li class=\"prisna-gwt-flag-container prisna-gwt-language-es\">\n\t<a href=\"javascript:;\" onclick=\"PrisnaGWT.translate('es'); return false;\" title=\"Spanish\"><\/a>\n<\/li><li class=\"prisna-gwt-flag-container prisna-gwt-language-uk\">\n\t<a href=\"javascript:;\" onclick=\"PrisnaGWT.translate('uk'); return false;\" title=\"Ukrainian\"><\/a>\n<\/li><li class=\"prisna-gwt-flag-container prisna-gwt-language-vi\">\n\t<a href=\"javascript:;\" onclick=\"PrisnaGWT.translate('vi'); return false;\" title=\"Vietnamese\"><\/a>\n<\/li><li class=\"prisna-gwt-flag-container prisna-gwt-language-cs\">\n\t<a href=\"javascript:;\" onclick=\"PrisnaGWT.translate('cs'); return false;\" title=\"Czech\"><\/a>\n<\/li><li class=\"prisna-gwt-flag-container prisna-gwt-language-eu\">\n\t<a href=\"javascript:;\" onclick=\"PrisnaGWT.translate('eu'); return false;\" title=\"Basque\"><\/a>\n<\/li><li class=\"prisna-gwt-flag-container prisna-gwt-language-bg\">\n\t<a href=\"javascript:;\" onclick=\"PrisnaGWT.translate('bg'); return false;\" title=\"Bulgarian\"><\/a>\n<\/li><li class=\"prisna-gwt-flag-container prisna-gwt-language-ca\">\n\t<a href=\"javascript:;\" onclick=\"PrisnaGWT.translate('ca'); return false;\" title=\"Catalan\"><\/a>\n<\/li><li class=\"prisna-gwt-flag-container prisna-gwt-language-da\">\n\t<a href=\"javascript:;\" onclick=\"PrisnaGWT.translate('da'); return false;\" title=\"Danish\"><\/a>\n<\/li><li class=\"prisna-gwt-flag-container prisna-gwt-language-ga\">\n\t<a href=\"javascript:;\" onclick=\"PrisnaGWT.translate('ga'); return false;\" title=\"Irish\"><\/a>\n<\/li><li class=\"prisna-gwt-flag-container prisna-gwt-language-ko\">\n\t<a href=\"javascript:;\" onclick=\"PrisnaGWT.translate('ko'); return false;\" title=\"Korean\"><\/a>\n<\/li><li class=\"prisna-gwt-flag-container prisna-gwt-language-km\">\n\t<a href=\"javascript:;\" onclick=\"PrisnaGWT.translate('km'); return false;\" title=\"Khmer\"><\/a>\n<\/li><li class=\"prisna-gwt-flag-container prisna-gwt-language-no\">\n\t<a href=\"javascript:;\" onclick=\"PrisnaGWT.translate('no'); return false;\" title=\"Norwegian\"><\/a>\n<\/li><li class=\"prisna-gwt-flag-container prisna-gwt-language-pl\">\n\t<a href=\"javascript:;\" onclick=\"PrisnaGWT.translate('pl'); return false;\" title=\"Polish\"><\/a>\n<\/li><li class=\"prisna-gwt-flag-container prisna-gwt-language-pa\">\n\t<a href=\"javascript:;\" onclick=\"PrisnaGWT.translate('pa'); return false;\" title=\"Punjabi\"><\/a>\n<\/li><li class=\"prisna-gwt-flag-container prisna-gwt-language-sr\">\n\t<a href=\"javascript:;\" onclick=\"PrisnaGWT.translate('sr'); return false;\" title=\"Serbian\"><\/a>\n<\/li><li class=\"prisna-gwt-flag-container prisna-gwt-language-th\">\n\t<a href=\"javascript:;\" onclick=\"PrisnaGWT.translate('th'); return false;\" title=\"Thai\"><\/a>\n<\/li><li class=\"prisna-gwt-flag-container prisna-gwt-language-tr\">\n\t<a href=\"javascript:;\" onclick=\"PrisnaGWT.translate('tr'); return false;\" title=\"Turkish\"><\/a>\n<\/li>\n<\/ul>\n\n<div id=\"google_translate_element\" class=\"prisna-gwt-align-right\"><\/div>\n<script type=\"text\/javascript\">\n\/*<![CDATA[*\/\nfunction initializeGoogleTranslateElement() {\n\tnew google.translate.TranslateElement({\n\t\tpageLanguage: \"fr\",\n\t\tautoDisplay: false,\n\t\tincludedLanguages: \"ar,eu,bg,ca,zh-CN,zh-TW,cs,da,nl,en,fr,de,el,ga,it,ja,km,ko,ms,no,fa,pl,pt,pa,ro,ru,sr,es,th,tr,uk,vi\"\n\t}, \"google_translate_element\");\n}\n\/*]]>*\/\n<\/script>\n<script type=\"text\/javascript\" src=\"\/\/translate.google.com\/translate_a\/element.js?cb=initializeGoogleTranslateElement\"><\/script>\n","protected":false},"excerpt":{"rendered":"<p>Ce n&#8217;est pas un hasard si dans le &#8220;nuage de mots&#8221; qu&#8217;on peut trouver \u00e0 droite sur cette page, &#8220;mediamensonges&#8221; est le plus important. C&#8217;est en effet par la prise de conscience de la multiplicit\u00e9 des mensonges qui nous entourent qu&#8217;est n\u00e9e la motivation d&#8217;\u00e9crire ce blog, car comme le disait Eric Arthur Blair alias [&hellip;]<\/p>\n","protected":false},"author":1,"featured_media":0,"comment_status":"open","ping_status":"open","sticky":false,"template":"","format":"video","meta":[],"categories":[4,134,133,29],"tags":[49,1027,1029,1028,1018,1026,920],"_links":{"self":[{"href":"https:\/\/aitia.fr\/erd\/wp-json\/wp\/v2\/posts\/11367"}],"collection":[{"href":"https:\/\/aitia.fr\/erd\/wp-json\/wp\/v2\/posts"}],"about":[{"href":"https:\/\/aitia.fr\/erd\/wp-json\/wp\/v2\/types\/post"}],"author":[{"embeddable":true,"href":"https:\/\/aitia.fr\/erd\/wp-json\/wp\/v2\/users\/1"}],"replies":[{"embeddable":true,"href":"https:\/\/aitia.fr\/erd\/wp-json\/wp\/v2\/comments?post=11367"}],"version-history":[{"count":25,"href":"https:\/\/aitia.fr\/erd\/wp-json\/wp\/v2\/posts\/11367\/revisions"}],"predecessor-version":[{"id":13638,"href":"https:\/\/aitia.fr\/erd\/wp-json\/wp\/v2\/posts\/11367\/revisions\/13638"}],"wp:attachment":[{"href":"https:\/\/aitia.fr\/erd\/wp-json\/wp\/v2\/media?parent=11367"}],"wp:term":[{"taxonomy":"category","embeddable":true,"href":"https:\/\/aitia.fr\/erd\/wp-json\/wp\/v2\/categories?post=11367"},{"taxonomy":"post_tag","embeddable":true,"href":"https:\/\/aitia.fr\/erd\/wp-json\/wp\/v2\/tags?post=11367"}],"curies":[{"name":"wp","href":"https:\/\/api.w.org\/{rel}","templated":true}]}}