{"id":11276,"date":"2018-09-16T21:34:29","date_gmt":"2018-09-16T19:34:29","guid":{"rendered":"https:\/\/aitia.fr\/erd\/?p=11276"},"modified":"2023-10-11T10:26:31","modified_gmt":"2023-10-11T08:26:31","slug":"soutien-doutre-atlantique","status":"publish","type":"post","link":"https:\/\/aitia.fr\/erd\/soutien-doutre-atlantique\/","title":{"rendered":"Soutien d&#8217;outre-Atlantique"},"content":{"rendered":"<p style=\"text-align: center;\"><iframe loading=\"lazy\" width=\"640\" height=\"360\" src=\"https:\/\/www.youtube.com\/embed\/Qy3Oud1hiyY\" frameborder=\"0\" allow=\"autoplay; encrypted-media\" allowfullscreen><\/iframe><\/p>\n<p style=\"text-align: justify;\"><strong>Remarque :<\/strong> l&#8217;int\u00e9r\u00eat de ce soutien &#8211; qui fait toujours plaisir &#8211; n&#8217;est pas seulement de montrer que le sujet ne conna\u00eet pas les fronti\u00e8res &#8211; on le savait d\u00e9j\u00e0 &#8211; ou de r\u00e9viser l&#8217;am\u00e9ricain gr\u00e2ce aux sous-titres, mais se situe dans la r\u00e9flexion fort pertinente de Steve De&#8217;ak sur le &#8220;mouvement pour la v\u00e9rit\u00e9 sur le 11 Septembre&#8221;, qui <a href=\"https:\/\/aitia.fr\/erd\/les-associations-pour-la-verite-sur-le-11-septembre-la-cherchent-elles-vraiment\/\" target=\"_blank\" rel=\"noopener noreferrer\">rejoint la mienne<\/a> et qui peut s&#8217;\u00e9tendre \u00e0 toutes sortes de structures de pouvoir (partis politiques, religions, voire organisations non gouvernementales dans des pays de plus en plus a-religieux&#8230;).<\/p>\n<p><!--more--><\/p>\n<p style=\"text-align: justify;\">La le\u00e7on de cela est que la r\u00e9volution sera possible uniquement si nous la faisons d&#8217;abord en nous-m\u00eames, en cessant de croire des histoires de croquemitaines mais en nous mettant au travail et en utilisant un bien commun \u00e0 toute l&#8217;humanit\u00e9 : la raison.<\/p>\n<p>Ceux qui pr\u00e9f\u00e8rent lire un texte plut\u00f4t que regarder une vid\u00e9o pourront <a href=\"https:\/\/www.911crashtest.org\/2018\/08\/27\/greetings-from-steve-deak-aug-27-2018\/\" target=\"_blank\" rel=\"noopener noreferrer\">trouver ici (en anglais comme en fran\u00e7ais)<\/a> la transcription des propos de Steve.<\/p>\n<p>Deux petits bugs \u00e0 noter dans les sous-titres :<\/p>\n<ul>\n<li>\u00e0 7:43, lire <em>&#8220;Gr\u00e2ce au travail de personnes&#8221;<\/em> et non <em>&#8220;Merci au travail de personnes&#8221;<\/em> (texte original : <em>&#8220;thanks to the work of people&#8230;&#8221;<\/em>)<\/li>\n<li>\u00e0 7:58, une partie de la phrase (pourtant visible en pr\u00e9-visualisation) a \u00e9t\u00e9 mang\u00e9e par le moulinage final du logiciel de Steve. Il faut lire : <em>&#8220;Si vous n&#8217;en avez pas entendu parler, vous pouvez remercier le 9\/11 Truth Movement pour cela ; nous ne sommes pas sous leur contr\u00f4le, par cons\u00e9quent, ils sont oblig\u00e9s de nous ignorer.&#8221;<\/em><\/li>\n<\/ul>\n<p style=\"text-align: justify;\">Si certains de mes lecteurs ont l&#8217;impression d&#8217;avoir d\u00e9j\u00e0 vu ce nom bizarre de De&#8217;ak quelque part, c&#8217;est peut-\u00eatre qu&#8217;ils ont fait du violoncelle : le grand-p\u00e8re de Steve, qui portait le m\u00eame nom, \u00e9tait un violoncelliste de renom auteur d&#8217;une <a href=\"https:\/\/www.amazon.fr\/Modern-Method-Cello-Stephen-Sheet\/dp\/B00YZMYUAU\" target=\"_blank\" rel=\"noopener noreferrer\">m\u00e9thode pour cet instrument<\/a> assez r\u00e9pandue.<\/p>\n","protected":false},"excerpt":{"rendered":"<p>Remarque : l&#8217;int\u00e9r\u00eat de ce soutien &#8211; qui fait toujours plaisir &#8211; n&#8217;est pas seulement de montrer que le sujet ne conna\u00eet pas les fronti\u00e8res &#8211; on le savait d\u00e9j\u00e0 &#8211; ou de r\u00e9viser l&#8217;am\u00e9ricain gr\u00e2ce aux sous-titres, mais se situe dans la r\u00e9flexion fort pertinente de Steve De&#8217;ak sur le &#8220;mouvement pour la v\u00e9rit\u00e9 [&hellip;]<\/p>\n","protected":false},"author":1,"featured_media":0,"comment_status":"open","ping_status":"open","sticky":false,"template":"","format":"video","meta":[],"categories":[133,3,29,6],"tags":[78,1016,1010,1012,1015,20,1011,272,1014,12,1013],"_links":{"self":[{"href":"https:\/\/aitia.fr\/erd\/wp-json\/wp\/v2\/posts\/11276"}],"collection":[{"href":"https:\/\/aitia.fr\/erd\/wp-json\/wp\/v2\/posts"}],"about":[{"href":"https:\/\/aitia.fr\/erd\/wp-json\/wp\/v2\/types\/post"}],"author":[{"embeddable":true,"href":"https:\/\/aitia.fr\/erd\/wp-json\/wp\/v2\/users\/1"}],"replies":[{"embeddable":true,"href":"https:\/\/aitia.fr\/erd\/wp-json\/wp\/v2\/comments?post=11276"}],"version-history":[{"count":13,"href":"https:\/\/aitia.fr\/erd\/wp-json\/wp\/v2\/posts\/11276\/revisions"}],"predecessor-version":[{"id":21532,"href":"https:\/\/aitia.fr\/erd\/wp-json\/wp\/v2\/posts\/11276\/revisions\/21532"}],"wp:attachment":[{"href":"https:\/\/aitia.fr\/erd\/wp-json\/wp\/v2\/media?parent=11276"}],"wp:term":[{"taxonomy":"category","embeddable":true,"href":"https:\/\/aitia.fr\/erd\/wp-json\/wp\/v2\/categories?post=11276"},{"taxonomy":"post_tag","embeddable":true,"href":"https:\/\/aitia.fr\/erd\/wp-json\/wp\/v2\/tags?post=11276"}],"curies":[{"name":"wp","href":"https:\/\/api.w.org\/{rel}","templated":true}]}}