{"id":11274,"date":"2018-10-07T22:01:02","date_gmt":"2018-10-07T20:01:02","guid":{"rendered":"https:\/\/aitia.fr\/erd\/?p=11274"},"modified":"2020-02-24T10:12:12","modified_gmt":"2020-02-24T09:12:12","slug":"esprit-critique-es-tu-la","status":"publish","type":"post","link":"https:\/\/aitia.fr\/erd\/esprit-critique-es-tu-la\/","title":{"rendered":"Esprit critique, es-tu l\u00e0 ?"},"content":{"rendered":"<p style=\"text-align: justify;\"><a href=\"https:\/\/aitia.fr\/erd\/wp-content\/uploads\/2018\/10\/ailecorde-911-1.png\" target=\"_blank\" rel=\"noopener noreferrer\"><img decoding=\"async\" loading=\"lazy\" class=\"alignleft wp-image-11305\" src=\"https:\/\/aitia.fr\/erd\/wp-content\/uploads\/2018\/10\/ailecorde-911-1.png\" alt=\"\" width=\"402\" height=\"282\" \/><\/a>Beaucoup pensent que d\u00e9monter la th\u00e9orie du complot officielle du 11 Septembre n\u00e9cessite de gros efforts intellectuels bas\u00e9s sur des connaissances &#8211; notamment scientifiques et techniques &#8211; de haute vol\u00e9e. C&#8217;est tr\u00e8s exag\u00e9r\u00e9 : il suffit de savoir lire les journaux &#8211; m\u00eame les <em>&#8220;grands&#8221;<\/em> journaux, oui, pas besoin d&#8217;aller fouiller dans les recoins<span id='easy-footnote-1-11274' class='easy-footnote-margin-adjust'><\/span><span class='easy-footnote'><a href='https:\/\/aitia.fr\/erd\/esprit-critique-es-tu-la\/#easy-footnote-bottom-1-11274' title='Pardon pour cette incongruit\u00e9 g\u00e9om\u00e9trique&amp;#8230;'><sup>1<\/sup><\/a><\/span> obscurs de la <em>&#8220;complosph\u00e8re&#8221;<\/em> &#8211; et d&#8217;avoir le sens de la d\u00e9rision.<\/p>\n<p style=\"text-align: justify;\">Exemple : le 27 avril 2013, on pouvait <a href=\"https:\/\/www.lefigaro.fr\/flash-actu\/2013\/04\/27\/97001-20130427FILWWW00255-un-morceau-d-avion-du-11-septembre-retrouve.php\" target=\"_blank\" rel=\"noopener noreferrer\">lire dans un article du Figaro<\/a> qu&#8217;un morceau d&#8217;avion avait \u00e9t\u00e9 retrouv\u00e9 sur le site des attentats du 11 septembre (2001, car il y eut aussi un <a href=\"https:\/\/fr.wikipedia.org\/wiki\/Augusto_Pinochet#Coup_d'%C3%89tat_du_11_septembre_1973\" target=\"_blank\" rel=\"noopener noreferrer\">11 septembre 1973<\/a>, ne l&#8217;oublions pas). Voil\u00e0 de quoi conforter <a href=\"https:\/\/www.youtube.com\/watch?v=tnWAugpHGCI\" target=\"_blank\" rel=\"noopener noreferrer\">la th\u00e8se complotiste officielle<\/a> et clouer d\u00e9finitivement le bec aux doux dingues qui osent affirmer <a href=\"https:\/\/www.dailymotion.com\/video\/x2546ic\" target=\"_blank\" rel=\"noopener noreferrer\">qu&#8217;il n&#8217;y eut point d&#8217;avions-suicides<\/a> \u00e0 New York City ce jour-l\u00e0, me direz-vous.<\/p>\n<p style=\"text-align: justify;\">Est-ce bien s\u00fbr ?<\/p>\n<p><!--more--><\/p>\n<p style=\"text-align: justify;\">On parle d&#8217;abord (<a href=\"https:\/\/www.youtube.com\/watch?v=1j7_CL0KgrQ\" target=\"_blank\" rel=\"noopener noreferrer\">sur CNN<\/a>) d&#8217;un morceau de train d&#8217;atterrissage, puis finalement <a href=\"https:\/\/www.lefigaro.fr\/international\/2013\/04\/29\/01003-20130429ARTFIG00289-11-septembre-interrogations-autour-du-train-d-atterrissage-retrouve.php\" target=\"_blank\" rel=\"noopener noreferrer\">on rectifiera<\/a> : il s&#8217;agit d&#8217;un morceau d&#8217;aile (m\u00eame si le Figaro s&#8217;emm\u00eale les pinceaux en se contredisant dans son article). L&#8217;erreur est compr\u00e9hensible, seuls des sp\u00e9cialistes peuvent identifier \u00e0 coup s\u00fbr cette petite partie d&#8217;un gros avion, dont CNN nous dit qu&#8217;elle mesure 5 pieds par 4 pieds par 17 pouces soit, en <a href=\"https:\/\/fr.wikipedia.org\/wiki\/Syst%C3%A8me_international_d%27unit%C3%A9s#La_R%C3%A9volution_fran%C3%A7aise_et_la_naissance_du_syst%C3%A8me_m%C3%A9trique\" target=\"_blank\" rel=\"noopener noreferrer\">unit\u00e9s r\u00e9volutionnaires fran\u00e7aises<\/a>, environ 1,50 m par 1,20 m par 43 cm. Plus surprenant, cette pi\u00e8ce a \u00e9t\u00e9 retrouv\u00e9e dans l&#8217;espace tr\u00e8s \u00e9troit situ\u00e9 entre deux immeubles, dont CNN nous dit qu&#8217;il ne mesure que 18 pouces (environ 46 cm) de large. Un pouce de marge pour se faufiler entre deux hauts murs, cela tient du miracle pour un morceau d&#8217;avion propuls\u00e9 \u00e0 grande vitesse depuis la face nord de la tour sud du World Trade Center, seule \u00e9ventualit\u00e9 qui semble &#8220;raisonnable&#8221; (et que Wikip\u00e9dia ent\u00e9rine, voir sch\u00e9ma ci-dessous<span id='easy-footnote-2-11274' class='easy-footnote-margin-adjust'><\/span><span class='easy-footnote'><a href='https:\/\/aitia.fr\/erd\/esprit-critique-es-tu-la\/#easy-footnote-bottom-2-11274' title='En r\u00e9alit\u00e9, ce sch\u00e9ma indique le lieu &lt;em&gt;approximatif&lt;\/em&gt;, \u00e9tant extrait de &lt;a href=&quot;https:\/\/www.fema.gov\/pdf\/library\/fema403_ch1.pdf&quot; target=&quot;_blank&quot; rel=&quot;noopener noreferrer&quot;&gt;ce document&lt;\/a&gt; officiel (figure 1-4) qui date de 2001. Il y a bien eu un morceau de train d&amp;#8217;atterrissage retrouv\u00e9 au n\u00b045, mais le morceau d&amp;#8217;aile retrouv\u00e9 en 2013 \u00e9tait lui entre le 51 Park Place et le 50 Murray Street.'><sup>2<\/sup><\/a><\/span>).<\/p>\n<div id=\"attachment_11309\" style=\"width: 562px\" class=\"wp-caption aligncenter\"><a href=\"https:\/\/commons.wikimedia.org\/wiki\/File:World_Trade_Center,_NY_-_2001-09-11_-_Debris_Impact_Areas.svg\" target=\"_blank\" rel=\"noopener noreferrer\"><img aria-describedby=\"caption-attachment-11309\" decoding=\"async\" loading=\"lazy\" class=\"wp-image-11309 size-full\" src=\"https:\/\/aitia.fr\/erd\/wp-content\/uploads\/2018\/10\/552px-World_Trade_Center_NY_-_2001-09-11_-_Debris_Impact_Areas.svg_.png\" alt=\"\" width=\"552\" height=\"630\" srcset=\"https:\/\/aitia.fr\/erd\/wp-content\/uploads\/2018\/10\/552px-World_Trade_Center_NY_-_2001-09-11_-_Debris_Impact_Areas.svg_.png 552w, https:\/\/aitia.fr\/erd\/wp-content\/uploads\/2018\/10\/552px-World_Trade_Center_NY_-_2001-09-11_-_Debris_Impact_Areas.svg_-263x300.png 263w\" sizes=\"(max-width: 552px) 100vw, 552px\" \/><\/a><p id=\"caption-attachment-11309\" class=\"wp-caption-text\">La derni\u00e8re croix rouge \u00e0 droite (&#8220;Landing Gear&#8221;) indique le lieu, dans l&#8217;espace \u00e9troit entre deux immeubles, o\u00f9 a \u00e9t\u00e9 retrouv\u00e9 le morceau d&#8217;aile de Boeing 767, et non de train d&#8217;atterrissage comme on l&#8217;avait initialement cru.<\/p><\/div>\n<p>D&#8217;ailleurs, selon l&#8217;article du Figaro du 30 avril (je souligne le passage le plus croustillant) :<\/p>\n<blockquote>\n<p style=\"text-align: justify;\"><em>&#8220;Un autre \u00e9l\u00e9ment interpelle les enqu\u00eateurs. Une corde est enroul\u00e9e autour du train d&#8217;atterrissage, qui a \u00e9t\u00e9 retrouv\u00e9 mercredi par des g\u00e9om\u00e8tres travaillant dans l&#8217;un des deux immeubles concern\u00e9s. Ces derniers ont \u00e9t\u00e9 embauch\u00e9s par le promoteur d&#8217;un centre culturel islamique, dont le projet d&#8217;ouverture, \u00e0 quelques m\u00e8tres du site des attentats,<a href=\"https:\/\/www.lefigaro.fr\/international\/2010\/08\/23\/01003-20100823ARTFIG00507-mosquee-de-ground-zero-la-polemique-enfle.php\" target=\"_blank\" rel=\"noopener noreferrer\"> avait suscit\u00e9 une forte pol\u00e9mique en 2010<\/a>. Que fait cette corde ici ? Est-elle simplement tomb\u00e9e lors des travaux du centre culturel ? Ou bien a-t-elle servi \u00e0 descendre le train d&#8217;atterrissage <\/em>[piq\u00fbre de rappel de l&#8217;auteur de cet article : non, le morceau d&#8217;aile, il y en a qui ne suivent pas au fond&#8230;]<em> entre les deux immeubles, dans un but malveillant ? La police n&#8217;exclut pas l&#8217;hypoth\u00e8se, mais semble ne pas vraiment y croire. Elle note que l&#8217;\u00e9ventuelle descente de la pi\u00e8ce d&#8217;avion avec une corde n&#8217;a pas endommag\u00e9 les murs des deux immeubles, espac\u00e9s d&#8217;un demi-m\u00e8tre. \u00ab<strong>Pour arriver \u00e0 faire entrer une telle pi\u00e8ce dans un espace aussi confin\u00e9 (sans d\u00e9g\u00e2ts, NDLR), il aurait fallu la faire descendre avec un angle absolument parfait<\/strong>\u00bb, indique un porte-parole de la police.&#8221;<\/em><\/p>\n<\/blockquote>\n<p>&nbsp;<\/p>\n<p style=\"text-align: justify;\">En version originale non sous-titr\u00e9e, cela donne ceci :<\/p>\n<p style=\"text-align: center;\"><iframe loading=\"lazy\" src=\"https:\/\/www.youtube.com\/embed\/1j7_CL0KgrQ\" width=\"640\" height=\"360\" frameborder=\"0\" allowfullscreen=\"allowfullscreen\"><span style=\"display: inline-block; width: 0px; overflow: hidden; line-height: 0;\" data-mce-type=\"bookmark\" class=\"mce_SELRES_start\">\ufeff<\/span><\/iframe><\/p>\n<p style=\"text-align: justify;\">Donc, si l&#8217;on comprend bien, la police n&#8217;exclut pas l&#8217;hypoth\u00e8se d&#8217;un acte malveillant&#8230; qui selon la journaliste de CNN pourrait \u00eatre li\u00e9, enfin \u00e9videmment c&#8217;est pas s\u00fbr mais quand m\u00eame, hein, \u00e7a para\u00eet louche&#8230; \u00e0 un &#8220;centre islamique&#8221; (en clair, une mosqu\u00e9e) qui justement se trouve juste \u00e0 c\u00f4t\u00e9. Ouf ! Heureusement que ce n&#8217;\u00e9tait pas une synagogue, sinon on aurait eu droit \u00e0 un commentaire antis\u00e9mite des plus naus\u00e9abonds.<\/p>\n<p style=\"text-align: justify;\">Mais reprenons la logique de l&#8217;\u00e9ventuel &#8220;acte malveillant&#8221; : si l&#8217;on comprend bien, des personnes auraient voulu camoufler ce morceau d&#8217;aile dans cet endroit taill\u00e9 sur mesure pour lui (\u00e0 moins que ce ne soit l&#8217;inverse) pour faire croire&#8230; heu \u00e0 quoi au juste ? Pour dissimuler des preuves irr\u00e9futables que ce sont bien des Boeing 767 <del>qui se sont \u00e9cras\u00e9s sur<\/del> qui ont perfor\u00e9 les tours jumelles de New York le 11 septembre 2001 ? Des &#8220;islamistes&#8221; (peut-\u00eatre, hein, on ne sait pas, mais on le sugg\u00e8re quand m\u00eame) qui apr\u00e8s avoir r\u00e9ussi l&#8217;attentat du si\u00e8cle voire du mill\u00e9naire, auraient voulu nettoyer l&#8217;endroit ni vu ni connu, fa\u00e7on &#8220;je glisse la poussi\u00e8re sous le tapis&#8221; (de pri\u00e8re) ?<\/p>\n<div id=\"attachment_11315\" style=\"width: 410px\" class=\"wp-caption aligncenter\"><a href=\"https:\/\/aitia.fr\/erd\/wp-content\/uploads\/2018\/10\/Alina-Cho-CNN-2014-04-27.png\" target=\"_blank\" rel=\"noopener noreferrer\"><img aria-describedby=\"caption-attachment-11315\" decoding=\"async\" loading=\"lazy\" class=\"wp-image-11315\" src=\"https:\/\/aitia.fr\/erd\/wp-content\/uploads\/2018\/10\/Alina-Cho-CNN-2014-04-27.png\" alt=\"\" width=\"400\" height=\"336\" srcset=\"https:\/\/aitia.fr\/erd\/wp-content\/uploads\/2018\/10\/Alina-Cho-CNN-2014-04-27.png 800w, https:\/\/aitia.fr\/erd\/wp-content\/uploads\/2018\/10\/Alina-Cho-CNN-2014-04-27-300x252.png 300w, https:\/\/aitia.fr\/erd\/wp-content\/uploads\/2018\/10\/Alina-Cho-CNN-2014-04-27-768x644.png 768w, https:\/\/aitia.fr\/erd\/wp-content\/uploads\/2018\/10\/Alina-Cho-CNN-2014-04-27-600x503.png 600w\" sizes=\"(max-width: 400px) 100vw, 400px\" \/><\/a><p id=\"caption-attachment-11315\" class=\"wp-caption-text\">Un tailleur de marque est l&#8217;accessoire indispensable pour asseoir une cr\u00e9dibilit\u00e9 journalistique.<\/p><\/div>\n<p style=\"text-align: justify;\">\u00c9coutons Alina Cho, la journaliste de CNN, penser pour nous \u00e0 voix haute :<\/p>\n<blockquote>\n<p style=\"text-align: justify;\"><em>(\u00e0 1:06) &#8220;Look closely at this photo. There is clearly a rope entangled in the wreckage. But why would anyone deliberately put it here, if that is indeed what happened? Nobody knows&#8230;&#8221;<\/em><\/p>\n<p style=\"text-align: justify;\"><em>(\u00e0 2:10) &#8220;One of the questions investigators want answered is: if this piece is indeed from 9\/11th, which plane did it come from? Did it come from American Airlines flight 11 which crashed into the north tower, or United Airlines flight 175, which slammed into the south tower? Another question is this: how will that massive piece of landing gear be removed from such a narrow space, will parts of the buildings have to be demolished? For now, those questions remain unanswered.&#8221;<\/em><\/p>\n<\/blockquote>\n<p>&nbsp;<\/p>\n<p style=\"text-align: justify;\">Soit pour les francophones :<\/p>\n<blockquote>\n<p style=\"text-align: justify;\"><em>&#8220;Regardez bien cette photo. Il y a clairement une corde emm\u00eal\u00e9e dans les d\u00e9bris. Mais pourquoi quelqu&#8217;un aurait-il voulu les mettre d\u00e9lib\u00e9r\u00e9ment ici, si c&#8217;est bien ce qui s&#8217;est pass\u00e9 ? Personne ne sait&#8230;&#8221;<\/em><\/p>\n<p style=\"text-align: justify;\"><em>&#8220;Une des questions auxquelles les enqu\u00eateurs veulent r\u00e9pondre est celle-ci : si cette pi\u00e8ce provient bien des attentats du 11 Septembre, de quel avion provient-elle ? Du vol 11 de American Airlines qui s&#8217;est \u00e9cras\u00e9 dans la tour nord, ou du vol 175 de United Airlines, qui s&#8217;est \u00e9clafou\u00e9r\u00e9<\/em><span id='easy-footnote-3-11274' class='easy-footnote-margin-adjust'><\/span><span class='easy-footnote'><a href='https:\/\/aitia.fr\/erd\/esprit-critique-es-tu-la\/#easy-footnote-bottom-3-11274' title='Traduction libre de &amp;#8220;&lt;em&gt;slammed into&lt;\/em&gt;&amp;#8221; inspir\u00e9e du patois limousin.'><sup>3<\/sup><\/a><\/span><em> dans la tour sud ?&#8221;<\/em> [Note \u00e0 Alina : dans le cadre de la th\u00e9orie standard, le sch\u00e9ma ci-dessus extrait de Wikip\u00e9dia peut t&#8217;aider.]<em> Autre question : comment va-t-on retirer d&#8217;un endroit si \u00e9troit un morceau de train d&#8217;atterrissage <\/em>[en fait, un morceau d&#8217;aile, rappelons-le] <em>aussi massif, des parties des b\u00e2timents devront-elles \u00eatre d\u00e9molies ? Jusqu&#8217;\u00e0 pr\u00e9sent, ces questions demeurent sans r\u00e9ponse.&#8221;<\/em><\/p>\n<\/blockquote>\n<p>&nbsp;<\/p>\n<p style=\"text-align: justify;\">Aidons d&#8217;abord Alina du haut de notre avantage temporel : en 2018, l&#8217;immeuble situ\u00e9 au 51 Park Place appara\u00eet dans Google Maps comme d\u00e9moli et remplac\u00e9 par un autre en construction. Le probl\u00e8me de l&#8217;enl\u00e8vement de l&#8217;encombrant est donc r\u00e9solu.<\/p>\n<p><a href=\"https:\/\/www.google.com\/maps\/place\/51+Park+Pl,+New+York,+NY+10007,+%C3%89tats-Unis\/@40.7133033,-74.0097928,94a,54.4y,340.5h,30.7t\/data=!3m1!1e3!4m5!3m4!1s0x89c25a1925abd3cf:0x28c2f364ff1430e3!8m2!3d40.7138914!4d-74.0099075\" target=\"_blank\" rel=\"noopener noreferrer\"><img decoding=\"async\" loading=\"lazy\" class=\"wp-image-11319 aligncenter\" src=\"https:\/\/aitia.fr\/erd\/wp-content\/uploads\/2018\/10\/51-Park-Place-NYC.png\" alt=\"\" width=\"600\" height=\"716\" \/><\/a><\/p>\n<p style=\"text-align: justify;\">Ensuite, sugg\u00e9rons-lui que s&#8217;il semble tr\u00e8s difficile de retirer le morceau sans d\u00e9molir quelque chose, c&#8217;est peut-\u00eatre qu&#8217;il est <em>encore plus difficile<\/em> qu&#8217;il y soit entr\u00e9 \u00e0 la suite d&#8217;un vol plus ou moins plan\u00e9 (c&#8217;est un bout d&#8217;aile, certes, mais s\u00e9rieusement d\u00e9grad\u00e9 question portance, voir photo), sans doute plus proche de la <a href=\"https:\/\/aitia.fr\/erd\/fabius-le-golf-et-le-badminton\/\" target=\"_blank\" rel=\"noopener noreferrer\">trajectoire d&#8217;un projectile frein\u00e9<\/a>. Laquelle se termine rarement par un virage brusque suivi d&#8217;une chute verticale, on n&#8217;est pas chez Bip Bip et Coyote mais dans le vrai monde de la r\u00e9alit\u00e9 de tous les jours.<\/p>\n<p style=\"text-align: center;\"><iframe loading=\"lazy\" src=\"https:\/\/www.youtube.com\/embed\/EdGxf5sYdsU\" width=\"560\" height=\"315\" frameborder=\"0\" allowfullscreen=\"allowfullscreen\"><\/iframe><\/p>\n<p style=\"text-align: justify;\">Il serait par contre infiniment plus logique de penser que si l&#8217;objet est l\u00e0 orn\u00e9 d&#8217;une corde, c&#8217;est sans doute qu&#8217;il a pris tout son temps pour descendre au bout de ladite corde, et avec des \u00eatres humains observants \u00e0 l&#8217;autre bout de la corde, ayant quelques notions de manutention reposant elles-m\u00eames sur des notions de physique de base (le concept de <a href=\"https:\/\/fr.wikipedia.org\/wiki\/Fil_%C3%A0_plomb\" target=\"_blank\" rel=\"noopener noreferrer\">fil \u00e0 plomb<\/a> par exemple). Vu la pr\u00e9sence de la corde, la question \u00e0 poser n&#8217;est sans doute pas <em>&#8220;comment a-t-il pu y entrer ?&#8221;<\/em> mais plut\u00f4t <em>&#8220;pourquoi n&#8217;en est-il pas sorti ?&#8221;<\/em>. Peut-\u00eatre simplement parce que, au vu des r\u00e9actions de la foule terroris\u00e9e en ce 11 septembre 2001, il n&#8217;a pas \u00e9t\u00e9 jug\u00e9 n\u00e9cessaire de sortir une pi\u00e8ce suppl\u00e9mentaire de sa cachette pour convaincre cette foule que des avions de ligne avaient bien percut\u00e9 les <em>Twin Towers<\/em>. Ou peut-\u00eatre la corde a-t-elle cass\u00e9 \u00e0 la remont\u00e9e, pourquoi pas.<\/p>\n<p style=\"text-align: justify;\">Bien souvent, ce sont des <a href=\"https:\/\/aitia.fr\/erd\/linversion-de-paradigme\/\" target=\"_blank\" rel=\"noopener noreferrer\">inversions de paradigme<\/a> qui permettent de comprendre simplement un probl\u00e8me d&#8217;apparence difficile.<\/p>\n<p style=\"text-align: justify;\">Ah, si tous les humains faisaient confiance \u00e0 leur raison, n&#8217;avaient pas peur de (se) poser des &#8220;questions b\u00eates&#8221;&#8230; jusqu&#8217;o\u00f9 l&#8217;humanit\u00e9 pourrait-elle aller ? On n&#8217;a pas toujours besoin de <a href=\"https:\/\/www.youtube.com\/watch?v=vzInIjD6nKw\" target=\"_blank\" rel=\"noopener noreferrer\">simulations num\u00e9riques luxueuses<\/a> pour r\u00e9pondre \u00e0 des questions complexes (<a href=\"https:\/\/en.wikipedia.org\/wiki\/Garbage_in,_garbage_out\" target=\"_blank\" rel=\"noopener noreferrer\"><em>&#8220;garbage in, garbage out&#8221;<\/em><\/a> dit avec raison un proverbe am\u00e9ricain) ; l&#8217;esprit critique qui sommeille en chacun de nous ne demande qu&#8217;\u00e0 se r\u00e9veiller !<\/p>\n<p style=\"text-align: justify;\">Peut-\u00eatre serait-il temps de comprendre qu&#8217;une <a href=\"https:\/\/web.archive.org\/web\/20190304200757\/http:\/\/law2.umkc.edu:80\/faculty\/projects\/ftrials\/nuremberg\/Jacksonclose.htm\" target=\"_blank\" rel=\"noopener noreferrer\">continuation de l&#8217;effort de guerre<\/a> n&#8217;est pas ce qu&#8217;il y a de mieux pour apporter la paix ? M\u00eame des banquiers peuvent le comprendre<span id='easy-footnote-4-11274' class='easy-footnote-margin-adjust'><\/span><span class='easy-footnote'><a href='https:\/\/aitia.fr\/erd\/esprit-critique-es-tu-la\/#easy-footnote-bottom-4-11274' title='\u00c0 moins que ce ne soit pour faire &lt;a href=&quot;https:\/\/aitia.fr\/erd\/le-nouveau-capitalisme-criminel\/&quot; target=&quot;_blank&quot; rel=&quot;noopener noreferrer&quot;&gt;oublier le reste&lt;\/a&gt;.'><sup>4<\/sup><\/a><\/span>&#8230;<\/p>\n<p style=\"text-align: center;\"><iframe loading=\"lazy\" src=\"https:\/\/www.youtube.com\/embed\/a23945btJYw\" width=\"640\" height=\"360\" frameborder=\"0\" allowfullscreen=\"allowfullscreen\"><\/iframe><\/p>\n","protected":false},"excerpt":{"rendered":"<p>Beaucoup pensent que d\u00e9monter la th\u00e9orie du complot officielle du 11 Septembre n\u00e9cessite de gros efforts intellectuels bas\u00e9s sur des connaissances &#8211; notamment scientifiques et techniques &#8211; de haute vol\u00e9e. C&#8217;est tr\u00e8s exag\u00e9r\u00e9 : il suffit de savoir lire les journaux &#8211; m\u00eame les &#8220;grands&#8221; journaux, oui, pas besoin d&#8217;aller fouiller dans les recoins obscurs [&hellip;]<\/p>\n","protected":false},"author":1,"featured_media":0,"comment_status":"open","ping_status":"open","sticky":false,"template":"","format":"standard","meta":[],"categories":[5,29,6],"tags":[78,1025,1022,1030,1023,83,48,1024],"_links":{"self":[{"href":"https:\/\/aitia.fr\/erd\/wp-json\/wp\/v2\/posts\/11274"}],"collection":[{"href":"https:\/\/aitia.fr\/erd\/wp-json\/wp\/v2\/posts"}],"about":[{"href":"https:\/\/aitia.fr\/erd\/wp-json\/wp\/v2\/types\/post"}],"author":[{"embeddable":true,"href":"https:\/\/aitia.fr\/erd\/wp-json\/wp\/v2\/users\/1"}],"replies":[{"embeddable":true,"href":"https:\/\/aitia.fr\/erd\/wp-json\/wp\/v2\/comments?post=11274"}],"version-history":[{"count":51,"href":"https:\/\/aitia.fr\/erd\/wp-json\/wp\/v2\/posts\/11274\/revisions"}],"predecessor-version":[{"id":14361,"href":"https:\/\/aitia.fr\/erd\/wp-json\/wp\/v2\/posts\/11274\/revisions\/14361"}],"wp:attachment":[{"href":"https:\/\/aitia.fr\/erd\/wp-json\/wp\/v2\/media?parent=11274"}],"wp:term":[{"taxonomy":"category","embeddable":true,"href":"https:\/\/aitia.fr\/erd\/wp-json\/wp\/v2\/categories?post=11274"},{"taxonomy":"post_tag","embeddable":true,"href":"https:\/\/aitia.fr\/erd\/wp-json\/wp\/v2\/tags?post=11274"}],"curies":[{"name":"wp","href":"https:\/\/api.w.org\/{rel}","templated":true}]}}