{"id":11233,"date":"2018-09-11T09:23:59","date_gmt":"2018-09-11T07:23:59","guid":{"rendered":"https:\/\/aitia.fr\/erd\/?p=11233"},"modified":"2018-09-11T10:54:33","modified_gmt":"2018-09-11T08:54:33","slug":"weird-al-yankovic-christmas-at-ground-zero","status":"publish","type":"post","link":"https:\/\/aitia.fr\/erd\/weird-al-yankovic-christmas-at-ground-zero\/","title":{"rendered":"&#8220;Weird Al&#8221; Yankovic &#8211; Christmas At Ground Zero"},"content":{"rendered":"<p style=\"text-align: justify;\">Je me tue \u00e0 le r\u00e9p\u00e9ter \u00e0 mes \u00e9tudiants : on ne peut pas faire de raisonnement correct sans nommer correctement les choses. Cette chanson des ann\u00e9es 1980 nous rappelle quel est <a href=\"https:\/\/www.veteranstodayarchives.com\/2011\/02\/15\/dimitri-khalezov-ground-zero\/\" target=\"_blank\" rel=\"noopener\">le sens originel de <em>&#8220;ground zero&#8221;<\/em><\/a> : le point \u00e0 la surface du sol se situant \u00e0 la verticale d&#8217;une explosion nucl\u00e9aire.<\/p>\n<p><em>Enjoy!<br \/>\n<\/em><\/p>\n<p style=\"text-align: center;\"><iframe loading=\"lazy\" src=\"https:\/\/www.youtube.com\/embed\/t039p6xqutU\" width=\"560\" height=\"315\" frameborder=\"0\" allowfullscreen=\"allowfullscreen\"><\/iframe><\/p>\n<p class=\"title style-scope ytd-video-primary-info-renderer\" style=\"text-align: justify;\"><!--more--><\/p>\n<p class=\"title style-scope ytd-video-primary-info-renderer\" style=\"text-align: justify;\">&#8220;Weird Al&#8221; Yankovic est un chanteur, musicien, auteur-compositeur, acteur, accord\u00e9oniste et producteur de t\u00e9l\u00e9vision am\u00e9ricain. Il est d&#8217;origine yougoslave par son p\u00e8re, anglaise et italienne par sa m\u00e8re (<a href=\"https:\/\/fr.wikipedia.org\/wiki\/%22Weird_Al%22_Yankovic\" target=\"_blank\" rel=\"noopener\">source : Wikip\u00e9dia<\/a>). Il est connu pour toutes sortes de <a href=\"https:\/\/www.youtube.com\/watch?v=N9qYF9DZPdw\" target=\"_blank\" rel=\"noopener\">chansons parodiques<\/a>.<\/p>\n<p style=\"text-align: justify;\">NB : M\u00eame si la chanson met en sc\u00e8ne des explosions nucl\u00e9aires a\u00e9riennes, il ne faut pas oublier que les explosions nucl\u00e9aires souterraines ont \u00e9t\u00e9 largement exp\u00e9riment\u00e9es, et m\u00eame <a href=\"https:\/\/www.worldcat.org\/title\/constructive-uses-of-nuclear-explosives\/oclc\/436752\" target=\"_blank\" rel=\"noopener\">promues comme outils de g\u00e9nie civil<\/a> dans les ann\u00e9es 1960 &#8211; <a href=\"https:\/\/aitia.fr\/erd\/la-science-et-les-modes\/\" target=\"_blank\" rel=\"noopener\">c&#8217;\u00e9tait la mode<\/a> \u00e0 l&#8217;\u00e9poque.<\/p>\n","protected":false},"excerpt":{"rendered":"<p>Je me tue \u00e0 le r\u00e9p\u00e9ter \u00e0 mes \u00e9tudiants : on ne peut pas faire de raisonnement correct sans nommer correctement les choses. Cette chanson des ann\u00e9es 1980 nous rappelle quel est le sens originel de &#8220;ground zero&#8221; : le point \u00e0 la surface du sol se situant \u00e0 la verticale d&#8217;une explosion nucl\u00e9aire. Enjoy!<\/p>\n","protected":false},"author":1,"featured_media":0,"comment_status":"open","ping_status":"open","sticky":false,"template":"","format":"standard","meta":[],"categories":[133,5],"tags":[1001,1003,1002,355],"_links":{"self":[{"href":"https:\/\/aitia.fr\/erd\/wp-json\/wp\/v2\/posts\/11233"}],"collection":[{"href":"https:\/\/aitia.fr\/erd\/wp-json\/wp\/v2\/posts"}],"about":[{"href":"https:\/\/aitia.fr\/erd\/wp-json\/wp\/v2\/types\/post"}],"author":[{"embeddable":true,"href":"https:\/\/aitia.fr\/erd\/wp-json\/wp\/v2\/users\/1"}],"replies":[{"embeddable":true,"href":"https:\/\/aitia.fr\/erd\/wp-json\/wp\/v2\/comments?post=11233"}],"version-history":[{"count":11,"href":"https:\/\/aitia.fr\/erd\/wp-json\/wp\/v2\/posts\/11233\/revisions"}],"predecessor-version":[{"id":11245,"href":"https:\/\/aitia.fr\/erd\/wp-json\/wp\/v2\/posts\/11233\/revisions\/11245"}],"wp:attachment":[{"href":"https:\/\/aitia.fr\/erd\/wp-json\/wp\/v2\/media?parent=11233"}],"wp:term":[{"taxonomy":"category","embeddable":true,"href":"https:\/\/aitia.fr\/erd\/wp-json\/wp\/v2\/categories?post=11233"},{"taxonomy":"post_tag","embeddable":true,"href":"https:\/\/aitia.fr\/erd\/wp-json\/wp\/v2\/tags?post=11233"}],"curies":[{"name":"wp","href":"https:\/\/api.w.org\/{rel}","templated":true}]}}