{"id":11131,"date":"2018-06-18T18:14:24","date_gmt":"2018-06-18T16:14:24","guid":{"rendered":"https:\/\/aitia.fr\/erd\/?p=11131"},"modified":"2018-06-18T18:45:44","modified_gmt":"2018-06-18T16:45:44","slug":"lucien-cerise-histoire-du-supremacisme-blanc-partie-1-4-er","status":"publish","type":"post","link":"https:\/\/aitia.fr\/erd\/lucien-cerise-histoire-du-supremacisme-blanc-partie-1-4-er\/","title":{"rendered":"Lucien Cerise \u2013 Histoire du supr\u00e9macisme blanc <br>(partie 1\/4 &#8211; E&#038;R)"},"content":{"rendered":"<div id=\"attachment_11133\" style=\"width: 460px\" class=\"wp-caption alignleft\"><a href=\"https:\/\/aitia.fr\/erd\/wp-content\/uploads\/2018\/06\/KKK-washington.jpg\" target=\"_blank\" rel=\"noopener\"><img aria-describedby=\"caption-attachment-11133\" decoding=\"async\" loading=\"lazy\" class=\"wp-image-11133\" src=\"https:\/\/aitia.fr\/erd\/wp-content\/uploads\/2018\/06\/KKK-washington-300x169.jpg\" alt=\"Ku Klux Klan \u00e0 Washington DC, milieu des ann\u00e9es 1920.\" width=\"450\" height=\"253\" srcset=\"https:\/\/aitia.fr\/erd\/wp-content\/uploads\/2018\/06\/KKK-washington-300x169.jpg 300w, https:\/\/aitia.fr\/erd\/wp-content\/uploads\/2018\/06\/KKK-washington-768x432.jpg 768w, https:\/\/aitia.fr\/erd\/wp-content\/uploads\/2018\/06\/KKK-washington-600x337.jpg 600w, https:\/\/aitia.fr\/erd\/wp-content\/uploads\/2018\/06\/KKK-washington.jpg 900w\" sizes=\"(max-width: 450px) 100vw, 450px\" \/><\/a><p id=\"caption-attachment-11133\" class=\"wp-caption-text\">Ku Klux Klan \u00e0 Washington DC, milieu des ann\u00e9es 1920.<\/p><\/div>\n<p style=\"text-align: justify;\">[<em>Note de l&#8217;administrateur de ce blog : c&#8217;est avec un grand int\u00e9r\u00eat que je relaie ici ce premier (long) article d&#8217;une s\u00e9rie de quatre, de Lucien Cerise, sur le th\u00e8me du supr\u00e9macisme blanc et publi\u00e9 par \u00c9galit\u00e9 &amp; R\u00e9conciliation. <\/em><\/p>\n<p style=\"text-align: justify;\"><em>Il est en effet plus qu&#8217;utile aujourd&#8217;hui de mettre en lumi\u00e8re les racines communes aux id\u00e9ologies affirmant une sup\u00e9riorit\u00e9 &#8220;naturelle&#8221; de certains hommes sur d&#8217;autres par leur seule naissance, et qui n&#8217;ont fait que trop de victimes jusqu&#8217;ici. Y compris, et surtout, quand les donneurs de le\u00e7ons &#8220;antiracistes&#8221; sont eux-m\u00eames au sommet de la pyramide supr\u00e9maciste&#8230;<\/em><\/p>\n<p style=\"text-align: justify;\"><em>En bon analyste &#8220;s\u00e9rieux&#8221;, Lucien Cerise annonce ne pas prendre parti sur le supr\u00e9macisme blanc, mais il est \u00e9videmment bien difficile \u00e0 la lecture de son histoire d&#8217;\u00e9prouver de la sympathie pour un milieu reposant avant tout sur la manipulation des esprits, le culte du secret et la prise du pouvoir par le chaos. Pas besoin d&#8217;\u00eatre chr\u00e9tien pour \u00e9prouver un certain d\u00e9go\u00fbt vis-\u00e0-vis de cette id\u00e9ologie que Lucien Cerise qualifie d'&#8221;antichr\u00e9tienne&#8221; ; il suffit d&#8217;\u00eatre un peu humain.<\/em><\/p>\n<p style=\"text-align: justify;\"><em>\u00c0 propos du Ku Klux Klan, les media de grand chemin avaient fait beaucoup de publicit\u00e9 au <a href=\"https:\/\/www.lexpress.fr\/actualite\/monde\/amerique-nord\/l-ancien-dirigeant-du-ku-klux-klan-est-a-100-derriere-donald-trump_1819496.html\" target=\"_blank\" rel=\"noopener\">soutien affich\u00e9 par un ancien membre<\/a> de cette association \u00e0 Donald Trump pendant sa campagne. Bizarrement, ils s&#8217;\u00e9taient abstenus de le faire lorsqu&#8217;un dirigeant en activit\u00e9 (&#8220;Grand Dragon&#8221;&#8230;) avait <a href=\"https:\/\/www.huffingtonpost.com\/entry\/hillary-clinton-kkk_us_56e7373ae4b0b25c918304f2\" target=\"_blank\" rel=\"noopener\">apport\u00e9 son soutien \u00e0 Hillary Clinton<\/a>.<\/em><\/p>\n<p style=\"text-align: justify;\"><em>L&#8217;asym\u00e9trie in\u00e9galitaire dans l&#8217;acc\u00e8s \u00e0 l&#8217;information est d\u00e9cid\u00e9ment bien la cl\u00e9 de compr\u00e9hension de notre monde et de ses probl\u00e8mes, comme le r\u00e9p\u00e8te Lucien Cerise !<\/em>]<\/p>\n<hr \/>\n<p style=\"text-align: justify;\">Le samedi 17 f\u00e9vrier 2018, l\u2019\u00e9quipe d\u2019E&amp;R Haute-Savoie recevait Lucien Cerise \u00e0 Gen\u00e8ve pour une conf\u00e9rence intitul\u00e9e \u00ab\u00a0<a href=\"https:\/\/www.egaliteetreconciliation.fr\/Supremacisme-racial-et-magie-noire-Conference-de-Lucien-Cerise-a-Geneve-49516.html\" target=\"_blank\" rel=\"noopener\">Supr\u00e9macisme racial et magie noire<\/a>\u00a0\u00bb. En attendant que la post-production de la vid\u00e9o soit achev\u00e9e, nous vous proposons le texte in\u00e9dit qui a servi de base de travail \u00e0 la premi\u00e8re partie de la conf\u00e9rence (qui constitue aussi le premier des quatre volets d\u2019une \u00e9tude plus g\u00e9n\u00e9rale sur le supr\u00e9macisme blanc).<\/p>\n<h2 style=\"text-align: justify;\">La Conf\u00e9d\u00e9ration sudiste et la franc-ma\u00e7onnerie<br \/>\n(Histoire du supr\u00e9macisme blanc, partie 1\/4)<\/h2>\n<p>&nbsp;<\/p>\n<p style=\"text-align: justify;\"><strong>Le supr\u00e9macisme racial est la doctrine politique qui affirme l\u2019existence d\u2019une hi\u00e9rarchie entre les races et la sup\u00e9riorit\u00e9 des unes sur les autres. Sa forme la mieux document\u00e9e est le supr\u00e9macisme blanc, qui a connu quatre grandes tentatives historiques\u00a0: la Conf\u00e9d\u00e9ration sudiste, prolong\u00e9e dans le Ku Klux Klan\u00a0; le r\u00e9gime d\u2019apartheid en Afrique du Sud\u00a0; le Troisi\u00e8me Reich\u00a0; l\u2019Ukraine post-sovi\u00e9tique. Quatre tentatives historiques, mais aussi quatre \u00e9checs. Sans porter de jugement sur le supr\u00e9macisme blanc en tant que tel, cette \u00e9tude vise avant tout \u00e0 r\u00e9pondre \u00e0 la question\u00a0: \u00ab\u00a0Pourquoi ces \u00e9checs\u00a0?\u00a0\u00bb<\/strong><\/p>\n<p style=\"text-align: justify;\">\u00c0 l\u2019examen, une filiation appara\u00eet en filigrane entre ces quatre moments\u00a0: la pr\u00e9sence continue d\u2019un rapport \u00e0 l\u2019occultisme, g\u00e9n\u00e9ralement antichr\u00e9tien. Sur l\u2019\u00e9chiquier des id\u00e9es, le supr\u00e9macisme blanc se positionne dans le camp conservateur, affichant des valeurs qualifi\u00e9es de \u00ab\u00a0droite r\u00e9actionnaire\u00a0\u00bb, mais il parvient difficilement \u00e0 dissimuler sa parent\u00e9 avec une tradition \u00e9sot\u00e9rique dite de la \u00ab\u00a0voie de la main gauche\u00a0\u00bb, qui vient quelque peu contredire ses engagements officiels. L\u2019analyse qui suit a pour objet de contribuer \u00e0 d\u00e9broussailler le terrain des relations apparemment paradoxales entre un courant politique toujours per\u00e7u comme cultivant l\u2019enracinement et la stabilit\u00e9, et la mystique du chaos qui en dessine pourtant l\u2019arri\u00e8re-fond.<\/p>\n<p><a href=\"https:\/\/www.egaliteetreconciliation.fr\/Lucien-Cerise-Histoire-du-supremacisme-blanc-partie-1-4-51287.html\" target=\"_blank\" rel=\"noopener\">Continuer la lecture sur \u00c9galit\u00e9 &amp; R\u00e9conciliation \u2192<\/a><\/p>\n","protected":false},"excerpt":{"rendered":"<p>[Note de l&#8217;administrateur de ce blog : c&#8217;est avec un grand int\u00e9r\u00eat que je relaie ici ce premier (long) article d&#8217;une s\u00e9rie de quatre, de Lucien Cerise, sur le th\u00e8me du supr\u00e9macisme blanc et publi\u00e9 par \u00c9galit\u00e9 &amp; R\u00e9conciliation. Il est en effet plus qu&#8217;utile aujourd&#8217;hui de mettre en lumi\u00e8re les racines communes aux id\u00e9ologies [&hellip;]<\/p>\n","protected":false},"author":1,"featured_media":0,"comment_status":"open","ping_status":"open","sticky":false,"template":"","format":"standard","meta":[],"categories":[134,3],"tags":[991,989,156,988,229,987,990,43,817],"_links":{"self":[{"href":"https:\/\/aitia.fr\/erd\/wp-json\/wp\/v2\/posts\/11131"}],"collection":[{"href":"https:\/\/aitia.fr\/erd\/wp-json\/wp\/v2\/posts"}],"about":[{"href":"https:\/\/aitia.fr\/erd\/wp-json\/wp\/v2\/types\/post"}],"author":[{"embeddable":true,"href":"https:\/\/aitia.fr\/erd\/wp-json\/wp\/v2\/users\/1"}],"replies":[{"embeddable":true,"href":"https:\/\/aitia.fr\/erd\/wp-json\/wp\/v2\/comments?post=11131"}],"version-history":[{"count":12,"href":"https:\/\/aitia.fr\/erd\/wp-json\/wp\/v2\/posts\/11131\/revisions"}],"predecessor-version":[{"id":11144,"href":"https:\/\/aitia.fr\/erd\/wp-json\/wp\/v2\/posts\/11131\/revisions\/11144"}],"wp:attachment":[{"href":"https:\/\/aitia.fr\/erd\/wp-json\/wp\/v2\/media?parent=11131"}],"wp:term":[{"taxonomy":"category","embeddable":true,"href":"https:\/\/aitia.fr\/erd\/wp-json\/wp\/v2\/categories?post=11131"},{"taxonomy":"post_tag","embeddable":true,"href":"https:\/\/aitia.fr\/erd\/wp-json\/wp\/v2\/tags?post=11131"}],"curies":[{"name":"wp","href":"https:\/\/api.w.org\/{rel}","templated":true}]}}