{"id":11031,"date":"2018-05-19T14:55:18","date_gmt":"2018-05-19T12:55:18","guid":{"rendered":"https:\/\/aitia.fr\/erd\/?p=11031"},"modified":"2018-05-19T14:55:18","modified_gmt":"2018-05-19T12:55:18","slug":"syrie-7-avril-2018-gaza-14-et-15-mai-2018-le-scandaleux-2-poids-2-mesures-de-la-diplomatie-francaise-et-europeenne-upr","status":"publish","type":"post","link":"https:\/\/aitia.fr\/erd\/syrie-7-avril-2018-gaza-14-et-15-mai-2018-le-scandaleux-2-poids-2-mesures-de-la-diplomatie-francaise-et-europeenne-upr\/","title":{"rendered":"Syrie (7 avril 2018) &#8211; Gaza (14 et 15 mai 2018) : <br>le scandaleux &#8220;2 poids 2 mesures&#8221; de la diplomatie fran\u00e7aise et europ\u00e9enne (UPR)"},"content":{"rendered":"<p style=\"text-align: justify;\"><strong><em><a href=\"https:\/\/www.upr.fr\/actualite\/france\/syrie-7-avril-2018-gaza-14-et-15-mai-2018-le-scandaleux-2-poids-2-mesures-de-la-diplomatie-francaise-et-europeenne\"><img decoding=\"async\" loading=\"lazy\" class=\"alignleft wp-image-11034\" src=\"https:\/\/aitia.fr\/erd\/wp-content\/uploads\/2018\/05\/Syrie-Gaza-UPR-300x190.jpg\" alt=\"Syrie - Gaza - 2 poids 2 mesures (UPR)\" width=\"450\" height=\"284\" srcset=\"https:\/\/aitia.fr\/erd\/wp-content\/uploads\/2018\/05\/Syrie-Gaza-UPR-300x190.jpg 300w, https:\/\/aitia.fr\/erd\/wp-content\/uploads\/2018\/05\/Syrie-Gaza-UPR-768x485.jpg 768w, https:\/\/aitia.fr\/erd\/wp-content\/uploads\/2018\/05\/Syrie-Gaza-UPR-600x379.jpg 600w, https:\/\/aitia.fr\/erd\/wp-content\/uploads\/2018\/05\/Syrie-Gaza-UPR.jpg 910w\" sizes=\"(max-width: 450px) 100vw, 450px\" \/><\/a><\/em><\/strong>[<em>Note de l&#8217;administrateur de ce blog : si la France avait encore une classe politique digne de ce nom, voil\u00e0 \u00e0 quoi ressemblerait l&#8217;analyse des conflits au Moyen-Orient. Ce n&#8217;est h\u00e9las plus le cas depuis longtemps.<\/em>]<\/p>\n<hr \/>\n<p style=\"text-align: justify;\"><strong><em>\u00c0 un mois d\u2019intervalle, deux crises au Moyen-Orient, l\u2019une en Syrie et l\u2019autre \u00e0 Gaza, viennent d\u2019illustrer le scandaleux \u00ab\u00a02 poids 2 mesures\u00a0\u00bb de la diplomatie fran\u00e7aise. Une diff\u00e9rence de traitement tellement ind\u00e9cente qu\u2019elle explique la d\u00e9gradation de l\u2019image de la France dans tout le Moyen-Orient. Notre pays appara\u00eet d\u00e9sormais comme tellement de parti pris que cela ne peut avoir pour cons\u00e9quence que d\u2019accro\u00eetre le risque d\u2019actes terror<\/em><em>istes d\u00e9sesp\u00e9r\u00e9s sur le sol national.<\/em><\/strong><\/p>\n<h3 style=\"text-align: justify;\">SYRIE, 7 avril 2018<\/h3>\n<p style=\"text-align: justify;\">Dans la nuit du 7 au 8 avril 2018, une attaque chimique pr\u00e9sum\u00e9e aurait \u00e9t\u00e9 perp\u00e9tr\u00e9e dans la ville syrienne de Douma (Ghouta orientale) et y aurait provoqu\u00e9 entre 40 et 100, ou 150 morts (<a href=\"https:\/\/fr.wikipedia.org\/wiki\/Attaque_chimique_de_Douma#cite_ref-3\" target=\"_blank\" rel=\"noopener\"><strong>source ici<\/strong><\/a>).<\/p>\n<p style=\"text-align: justify;\">Bien qu\u2019aucune enqu\u00eate ind\u00e9pendante n\u2019ait eu le temps d\u2019\u00eatre conduite pour t\u00e9moigner de la r\u00e9alit\u00e9 m\u00eame de l\u2019attaque, et bien que ni l\u2019identit\u00e9 ni les photographies d\u2019aucune victime n\u2019aient m\u00eame \u00e9t\u00e9 pr\u00e9sent\u00e9es \u00e0 la presse mondiale, les gouvernements de Washington, Londres et Paris ont aussit\u00f4t accus\u00e9 les forces r\u00e9guli\u00e8res syriennes et le pr\u00e9sident Bachar el-Assad d\u2019\u00eatre les auteurs de cette tuerie, malgr\u00e9 les d\u00e9n\u00e9gations formelles de ce dernier, d\u00e9n\u00e9gations reprises par les autorit\u00e9s russes.<\/p>\n<p style=\"text-align: justify;\"><strong>Moins d\u2019une semaine apr\u00e8s, dans la nuit du 13 au 14 avril, les trois m\u00eames gouvernements occidentaux ont tir\u00e9 des missiles contre la Syrie, en violation expresse du droit international,<\/strong> et alors m\u00eame que plusieurs pays occidentaux, dont l\u2019Allemagne, refusaient d\u2019intervenir militairement faute de preuves.<\/p>\n<p style=\"text-align: justify;\">Un mois apr\u00e8s, en ce 15 mai 2018, les tenants et aboutissants exacts de cette attaque chimique pr\u00e9sum\u00e9e n\u2019ont toujours pas \u00e9t\u00e9 \u00e9lucid\u00e9s.<\/p>\n<p style=\"text-align: justify;\">Plus grave m\u00eame, il existe un soup\u00e7on que l\u2019ensemble de cette affaire n\u2019aurait \u00e9t\u00e9 qu\u2019un montage :<\/p>\n<ul>\n<li class=\"_1mf _1mj\" style=\"text-align: justify;\" data-offset-key=\"6h928-0-0\">le 13 avril, le ministre des Affaires \u00e9trang\u00e8res russe <a href=\"https:\/\/francais.rt.com\/international\/49727-moscou-detient-preuves-irrefutables-que-attaque-chimique-ghouta-mise-en-scene\">a affirm\u00e9<\/a> qu\u2019il d\u00e9tenait les \u00ab\u00a0preuves irr\u00e9futables\u00a0\u00bb que les services sp\u00e9ciaux d\u2019un \u00c9tat \u00aben premi\u00e8re ligne dans la campagne russophobe\u00bb \u00e9taient impliqu\u00e9s dans la \u00ab\u00a0mise en sc\u00e8ne de l\u2019attaque chimique\u00a0\u00bb pr\u00e9sum\u00e9e ;<\/li>\n<li class=\"_1mf _1mj\" style=\"text-align: justify;\" data-offset-key=\"6h928-0-0\">le 19 avril, la t\u00e9l\u00e9vision russe RT a ensuite\u00a0 <a href=\"https:\/\/francais.rt.com\/international\/50026-attaque-chimique-douma-temoignage-enfant\">diffus\u00e9 une vid\u00e9o<\/a> o\u00f9 un gar\u00e7onnet syrien \u2013 Hassan Diab -, qui avait \u00e9t\u00e9 pr\u00e9sent\u00e9 par les m\u00e9dias occidentaux en train d\u2019\u00eatre asperg\u00e9 \u00e0 grande eau par les Casques blancs, ce qui aurait constitu\u00e9 une \u00ab\u00a0preuve\u00a0\u00bb de l\u2019attaque \u2013 t\u00e9moigne avec son p\u00e8re qu\u2019il ne se serait agi que d\u2019une mascarade organis\u00e9e par les \u00ab\u00a0Casque blancs\u00a0\u00bb.<\/li>\n<\/ul>\n<p><a href=\"https:\/\/www.upr.fr\/actualite\/france\/syrie-7-avril-2018-gaza-14-et-15-mai-2018-le-scandaleux-2-poids-2-mesures-de-la-diplomatie-francaise-et-europeenne\" target=\"_blank\" rel=\"noopener\">Continuer la lecture sur le site de l&#8217;UPR \u2192<\/a><\/p>\n","protected":false},"excerpt":{"rendered":"<p>[Note de l&#8217;administrateur de ce blog : si la France avait encore une classe politique digne de ce nom, voil\u00e0 \u00e0 quoi ressemblerait l&#8217;analyse des conflits au Moyen-Orient. Ce n&#8217;est h\u00e9las plus le cas depuis longtemps.] \u00c0 un mois d\u2019intervalle, deux crises au Moyen-Orient, l\u2019une en Syrie et l\u2019autre \u00e0 Gaza, viennent d\u2019illustrer le scandaleux [&hellip;]<\/p>\n","protected":false},"author":1,"featured_media":0,"comment_status":"open","ping_status":"open","sticky":false,"template":"","format":"standard","meta":[],"categories":[4,134,29],"tags":[602,604,301,162,48,129,225],"_links":{"self":[{"href":"https:\/\/aitia.fr\/erd\/wp-json\/wp\/v2\/posts\/11031"}],"collection":[{"href":"https:\/\/aitia.fr\/erd\/wp-json\/wp\/v2\/posts"}],"about":[{"href":"https:\/\/aitia.fr\/erd\/wp-json\/wp\/v2\/types\/post"}],"author":[{"embeddable":true,"href":"https:\/\/aitia.fr\/erd\/wp-json\/wp\/v2\/users\/1"}],"replies":[{"embeddable":true,"href":"https:\/\/aitia.fr\/erd\/wp-json\/wp\/v2\/comments?post=11031"}],"version-history":[{"count":12,"href":"https:\/\/aitia.fr\/erd\/wp-json\/wp\/v2\/posts\/11031\/revisions"}],"predecessor-version":[{"id":11044,"href":"https:\/\/aitia.fr\/erd\/wp-json\/wp\/v2\/posts\/11031\/revisions\/11044"}],"wp:attachment":[{"href":"https:\/\/aitia.fr\/erd\/wp-json\/wp\/v2\/media?parent=11031"}],"wp:term":[{"taxonomy":"category","embeddable":true,"href":"https:\/\/aitia.fr\/erd\/wp-json\/wp\/v2\/categories?post=11031"},{"taxonomy":"post_tag","embeddable":true,"href":"https:\/\/aitia.fr\/erd\/wp-json\/wp\/v2\/tags?post=11031"}],"curies":[{"name":"wp","href":"https:\/\/api.w.org\/{rel}","templated":true}]}}