{"id":11003,"date":"2018-04-25T12:30:42","date_gmt":"2018-04-25T10:30:42","guid":{"rendered":"https:\/\/aitia.fr\/erd\/?p=11003"},"modified":"2018-04-25T11:22:18","modified_gmt":"2018-04-25T09:22:18","slug":"lappel-a-expurger-la-torah-de-ses-versets-meurtriers-et-racistes-er","status":"publish","type":"post","link":"https:\/\/aitia.fr\/erd\/lappel-a-expurger-la-torah-de-ses-versets-meurtriers-et-racistes-er\/","title":{"rendered":"L\u2019appel \u00e0 expurger la Torah de ses versets meurtriers <br>et racistes (E&#038;R)"},"content":{"rendered":"<p style=\"text-align: justify;\"><img decoding=\"async\" loading=\"lazy\" class=\"alignleft wp-image-11005 size-full\" src=\"https:\/\/aitia.fr\/erd\/wp-content\/uploads\/2018\/04\/torah.jpg\" alt=\"\" width=\"250\" height=\"155\" \/>[<em>Note de l&#8217;administrateur de ce blog : avec une obstination qui confine \u00e0 l&#8217;inconscience voire au penchant suicidaire, des autorit\u00e9s &#8220;juives&#8221; (ou se pr\u00e9tendant telles) tentent de museler l&#8217;intelligence et d&#8217;an\u00e9antir l&#8217;esprit critique de tous ceux qui se mettent en travers de leurs ambitions h\u00e9g\u00e9moniques ; elles <a href=\"https:\/\/aitia.fr\/erd\/la-republique-des-censeurs\/\" target=\"_blank\" rel=\"noopener\">refusent \u00e0 l&#8217;histoire le statut de science<\/a>, de peur sans doute que l&#8217;on d\u00e9couvre des compromissions trop g\u00eanantes avec des id\u00e9ologies politiques servant aujourd&#8217;hui \u00e0 diaboliser leurs adversaires, elles crient au complotisme d\u00e8s <a href=\"https:\/\/aitia.fr\/erd\/le-11-septembre-une-mine-pour-les-physiciens\/\" target=\"_blank\" rel=\"noopener\">que l&#8217;on suit sa raison<\/a> plut\u00f4t que la propagande pour semi-d\u00e9biles racontant les \u00e9v\u00e9nements du 11-Septembre, et bien s\u00fbr hurlent \u00e0 l&#8217;antis\u00e9mitisme d\u00e8s que l&#8217;on critique ce faux \u00c9tat, ayant r\u00e9ussi la prouesse d&#8217;appara\u00eetre comme un refuge pour les juifs en cas d&#8217;un retour d&#8217;animosit\u00e9 envers eux, alors qu&#8217;il est <a href=\"https:\/\/www.lemonde.fr\/proche-orient\/article\/2014\/07\/31\/gaza-l-armee-israelienne-mobilise-16-000-reservistes-supplementaires_4464890_3218.html\" target=\"_blank\" rel=\"noopener\">le plus s\u00fbr moyen<\/a> de h\u00e2ter ce retour : Isra\u00ebl.<\/em><\/p>\n<p style=\"text-align: justify;\"><em>Ainsi, on peut voir un ancien r\u00e9parateur de chaussures, \u00e0 qui on aura bien du mal \u00e0 trouver une quelconque l\u00e9gitimit\u00e9 scientifique ou r\u00e9publicaine, oser \u00e9crire au pr\u00e9sident d&#8217;une universit\u00e9 fran\u00e7aise une <a href=\"https:\/\/aitia.fr\/erd\/wp-content\/uploads\/2017\/10\/lettre-CRIF-2017-02-06.pdf\" target=\"_blank\" rel=\"noopener\">lettre de d\u00e9nonciation calomnieuse<\/a> pour lui demander rien de moins que de se d\u00e9barrasser d&#8217;un &#8220;\u00e9l\u00e9ment g\u00eanant&#8221; parmi ses rangs. <a href=\"https:\/\/aitia.fr\/erd\/les-etranges-inventions-de-m-kalifat\/\" target=\"_blank\" rel=\"noopener\">Le ridicule ne tue pas<\/a>, on le sait depuis longtemps (avant m\u00eame les premi\u00e8res apparitions m\u00e9diatiques de <a href=\"https:\/\/www.20minutes.fr\/france\/71342-20060227-france-a-lire-le-systeme-bhl-deboulonne\" rel=\"noopener\" target=\"_blank\">Bernard-Henri L\u00e9vy<\/a>).<\/em><\/p>\n<p style=\"text-align: justify;\"><em>Mais les id\u00e9ologies supr\u00e9macistes, qui consid\u00e8rent qu&#8217;un groupe humain <a href=\"https:\/\/aitia.fr\/erd\/a-raciste-raciste-et-demi\/\" target=\"_blank\" rel=\"noopener\">est sup\u00e9rieur aux autres<\/a> et \u00e0 ce titre, a tous les droits sur eux y compris le droit de mise en esclavage <a href=\"https:\/\/aitia.fr\/erd\/publicite-comparative-israel-iran\/\" target=\"_blank\" rel=\"noopener\">voire de g\u00e9nocide<\/a>, tuent bel et bien : on l&#8217;a d\u00e9j\u00e0 vu avec le nazisme. Il est donc temps de d\u00e9noncer leurs promoteurs et de les mettre hors d&#8217;\u00e9tat de nuire, pacifiquement mais fermement.<\/em>]<\/p>\n<hr \/>\n<p style=\"text-align: justify;\"><strong>Tout a commenc\u00e9 par cette accusation dans le manifeste des 250 contre l\u2019ans\u00e9mitisme\u00a0: <\/strong><\/p>\n<blockquote class=\"spip\"><p>\u00ab\u00a0<em>Nous demandons que les versets du Coran appelant au meurtre et au ch\u00e2timent des juifs, des chr\u00e9tiens et des incroyants soient frapp\u00e9s d\u2019obsolescence par les autorit\u00e9s th\u00e9ologiques<\/em>\u00a0\u00bb<\/p><\/blockquote>\n<p><\/p>\n<p style=\"text-align: justify;\"><strong>En retour nous demandons que les versets de la Torah appelant \u00e0 la soumission des nations et au meurtre des goyim soient frapp\u00e9s d\u2019obsolescence th\u00e9ologique. <\/strong><\/p>\n<p style=\"text-align: justify;\">Dans les Nombres\u00a0:<\/p>\n<blockquote class=\"spip\"><p>Mo\u00efse leur dit\u00a0:<\/p>\n<p>\u00ab\u00a0<em>Quoi\u00a0! Vous avez laiss\u00e9 vivre toutes les femmes\u00a0?<\/em> (\u2026)<br \/>\n<em>Et maintenant tuez tous les enfants m\u00e2les et toute femme qui a connu l\u2019homme par cohabitation<\/em>\u00a0\u00bb<br \/>\n(No XXXI.15-18).<\/p><\/blockquote>\n<p><\/p>\n<p style=\"text-align: justify;\">Et dans le Deut\u00e9ronome, premier livre apologiste de l\u2019id\u00e9e g\u00e9nocidaire\u00a0:<\/p>\n<blockquote class=\"spip\">\n<p style=\"text-align: justify;\">\u00ab\u00a0<em>Tu an\u00e9antiras donc tous les peuples que te livre l\u2019\u00c9ternel, ton Dieu, sans laisser ton \u0153il s\u2019attendrir sur eux<\/em>\u00a0\u00bb<br \/>\n(De VII.16).<\/p>\n<\/blockquote>\n<p><\/p>\n<p><a href=\"https:\/\/www.egaliteetreconciliation.fr\/L-appel-a-expurger-la-Torah-de-ses-versets-meurtriers-et-racistes-50673.html\" target=\"_blank\" rel=\"noopener\">Continuer la lecture sur \u00c9galit\u00e9 &amp; R\u00e9conciliation \u2192<\/a><\/p>\n","protected":false},"excerpt":{"rendered":"<p>[Note de l&#8217;administrateur de ce blog : avec une obstination qui confine \u00e0 l&#8217;inconscience voire au penchant suicidaire, des autorit\u00e9s &#8220;juives&#8221; (ou se pr\u00e9tendant telles) tentent de museler l&#8217;intelligence et d&#8217;an\u00e9antir l&#8217;esprit critique de tous ceux qui se mettent en travers de leurs ambitions h\u00e9g\u00e9moniques ; elles refusent \u00e0 l&#8217;histoire le statut de science, de [&hellip;]<\/p>\n","protected":false},"author":1,"featured_media":0,"comment_status":"open","ping_status":"open","sticky":false,"template":"","format":"standard","meta":[],"categories":[4,134,3],"tags":[962,963,124,43,99,817],"_links":{"self":[{"href":"https:\/\/aitia.fr\/erd\/wp-json\/wp\/v2\/posts\/11003"}],"collection":[{"href":"https:\/\/aitia.fr\/erd\/wp-json\/wp\/v2\/posts"}],"about":[{"href":"https:\/\/aitia.fr\/erd\/wp-json\/wp\/v2\/types\/post"}],"author":[{"embeddable":true,"href":"https:\/\/aitia.fr\/erd\/wp-json\/wp\/v2\/users\/1"}],"replies":[{"embeddable":true,"href":"https:\/\/aitia.fr\/erd\/wp-json\/wp\/v2\/comments?post=11003"}],"version-history":[{"count":9,"href":"https:\/\/aitia.fr\/erd\/wp-json\/wp\/v2\/posts\/11003\/revisions"}],"predecessor-version":[{"id":11013,"href":"https:\/\/aitia.fr\/erd\/wp-json\/wp\/v2\/posts\/11003\/revisions\/11013"}],"wp:attachment":[{"href":"https:\/\/aitia.fr\/erd\/wp-json\/wp\/v2\/media?parent=11003"}],"wp:term":[{"taxonomy":"category","embeddable":true,"href":"https:\/\/aitia.fr\/erd\/wp-json\/wp\/v2\/categories?post=11003"},{"taxonomy":"post_tag","embeddable":true,"href":"https:\/\/aitia.fr\/erd\/wp-json\/wp\/v2\/tags?post=11003"}],"curies":[{"name":"wp","href":"https:\/\/api.w.org\/{rel}","templated":true}]}}