{"id":10943,"date":"2018-04-05T10:17:35","date_gmt":"2018-04-05T08:17:35","guid":{"rendered":"https:\/\/aitia.fr\/erd\/?p=10943"},"modified":"2019-09-25T08:03:48","modified_gmt":"2019-09-25T06:03:48","slug":"fake-news-premieres-tranches-de-rire-pour-justifier-les-attaques-contre-la-liberte-de-la-presse-eric-verhaeghe","status":"publish","type":"post","link":"https:\/\/aitia.fr\/erd\/fake-news-premieres-tranches-de-rire-pour-justifier-les-attaques-contre-la-liberte-de-la-presse-eric-verhaeghe\/","title":{"rendered":"Fake news : premi\u00e8res tranches de rire pour justifier <br>les attaques contre la libert\u00e9 de la presse (\u00c9ric Verhaeghe)"},"content":{"rendered":"<p style=\"text-align: justify;\"><img decoding=\"async\" loading=\"lazy\" class=\"alignleft wp-image-10946 size-full\" src=\"https:\/\/aitia.fr\/erd\/wp-content\/uploads\/2018\/04\/pravda.jpeg\" alt=\"Pravda\" width=\"300\" height=\"256\" \/>[<em>Note de l&#8217;administrateur de ce blog : la r\u00e9volution par le rire (et par la raison, qui survit gr\u00e2ce \u00e0 lui dans les moments les plus d\u00e9sesp\u00e9r\u00e9s) est notre seul salut. <\/em><\/p>\n<p style=\"text-align: justify;\"><em>Du goudron et des plumes \u00e0 volont\u00e9 pour les menteurs professionnels qui voudraient nous donner des le\u00e7ons de vertu.<\/em>]<\/p>\n<hr \/>\n<p style=\"text-align: justify;\">Le S\u00e9nat organisait mardi\u00a0<a href=\"https:\/\/www.senat.fr\/les_actus_en_detail\/article\/fake-news.html\" target=\"_blank\" rel=\"noopener noreferrer\">une table ronde<\/a> sur les mesures \u00e0 prendre pour lutter contre les \u00ab\u00a0fake news\u00a0\u00bb. Le d\u00e9bat, qui compl\u00e8te la <a href=\"https:\/\/web.archive.org\/web\/20190315034216\/http:\/\/www.assemblee-nationale.fr:80\/15\/propositions\/pion0799.asp\" target=\"_blank\" rel=\"noopener noreferrer\">proposition de loi de Richard Ferrand<\/a> d\u00e9pos\u00e9e \u00e0 l\u2019Assembl\u00e9e Nationale, devrait donner lieu \u00e0 de nombreuses consid\u00e9rations particuli\u00e8rement drolatiques. Le Monde a ouvert le bal.<\/p>\n<p style=\"text-align: justify;\"><span class=\"elementor-drop-cap\"><span class=\"elementor-drop-cap-letter\">D<\/span><\/span>onc, Le Monde a os\u00e9 publier aujourd\u2019hui une tribune donnant quelques recommandations pour lutter contre les fake news. Son titre : \u00ab appliquer au Web les bonnes pratiques \u00e9ditoriales des journaux \u00bb. Le m\u00eame jour, on apprenait que <a href=\"https:\/\/www.entreprise.news\/sncf-de-linconvenient-de-gouverner-sans-expliquer-sa-politique\/\" target=\"_blank\" rel=\"noopener noreferrer\">les \u00c9chos avaient renonc\u00e9 \u00e0 publier<\/a> une interview d\u2019\u00c9lisabeth Borne trop retravaill\u00e9e par Matignon.<\/p>\n<p style=\"text-align: justify;\">C\u2019est donc \u00e7a les bonnes pratiques \u00e9ditoriales des journaux qu\u2019il faut appliquer au web : faire relire ses textes par des conseillers de cabinet minist\u00e9riel avant publication ?<\/p>\n<p style=\"text-align: justify;\">On adore le d\u00e9bat qui se met en place : tout irait tellement mieux si on r\u00e9tablissait l\u2019ORTF et le minist\u00e8re de l\u2019Information. Il n\u2019y aurait plus de fake news, gr\u00e2ce \u00e0 eux, et c\u2019en serait fini de tous ces emp\u00eacheurs de tourner en rond qui ne respectent pas l\u2019autorit\u00e9 de l\u2019\u00c9tat.<\/p>\n<p><a href=\"https:\/\/www.entreprise.news\/fake-news-premieres-tranches-de-rire-pour-justifier-les-attaques-contre-la-liberte-de-la-presse\/\" target=\"_blank\" rel=\"noopener noreferrer\">Continuer la lecture sur <em>D\u00e9cider &amp; Entreprendre<\/em> \u27f6<\/a><\/p>\n","protected":false},"excerpt":{"rendered":"<p>[Note de l&#8217;administrateur de ce blog : la r\u00e9volution par le rire (et par la raison, qui survit gr\u00e2ce \u00e0 lui dans les moments les plus d\u00e9sesp\u00e9r\u00e9s) est notre seul salut. Du goudron et des plumes \u00e0 volont\u00e9 pour les menteurs professionnels qui voudraient nous donner des le\u00e7ons de vertu.] Le S\u00e9nat organisait mardi\u00a0une table [&hellip;]<\/p>\n","protected":false},"author":1,"featured_media":0,"comment_status":"open","ping_status":"open","sticky":false,"template":"","format":"standard","meta":[],"categories":[4,134,29],"tags":[127,952,880,515,948,12,950,951,949],"_links":{"self":[{"href":"https:\/\/aitia.fr\/erd\/wp-json\/wp\/v2\/posts\/10943"}],"collection":[{"href":"https:\/\/aitia.fr\/erd\/wp-json\/wp\/v2\/posts"}],"about":[{"href":"https:\/\/aitia.fr\/erd\/wp-json\/wp\/v2\/types\/post"}],"author":[{"embeddable":true,"href":"https:\/\/aitia.fr\/erd\/wp-json\/wp\/v2\/users\/1"}],"replies":[{"embeddable":true,"href":"https:\/\/aitia.fr\/erd\/wp-json\/wp\/v2\/comments?post=10943"}],"version-history":[{"count":13,"href":"https:\/\/aitia.fr\/erd\/wp-json\/wp\/v2\/posts\/10943\/revisions"}],"predecessor-version":[{"id":13634,"href":"https:\/\/aitia.fr\/erd\/wp-json\/wp\/v2\/posts\/10943\/revisions\/13634"}],"wp:attachment":[{"href":"https:\/\/aitia.fr\/erd\/wp-json\/wp\/v2\/media?parent=10943"}],"wp:term":[{"taxonomy":"category","embeddable":true,"href":"https:\/\/aitia.fr\/erd\/wp-json\/wp\/v2\/categories?post=10943"},{"taxonomy":"post_tag","embeddable":true,"href":"https:\/\/aitia.fr\/erd\/wp-json\/wp\/v2\/tags?post=10943"}],"curies":[{"name":"wp","href":"https:\/\/api.w.org\/{rel}","templated":true}]}}