{"id":10887,"date":"2018-03-19T21:28:42","date_gmt":"2018-03-19T20:28:42","guid":{"rendered":"https:\/\/aitia.fr\/erd\/?p=10887"},"modified":"2018-03-19T21:28:42","modified_gmt":"2018-03-19T20:28:42","slug":"differences-h-f-jancovici-100-sur-ma-ligne-stephane-edouard","status":"publish","type":"post","link":"https:\/\/aitia.fr\/erd\/differences-h-f-jancovici-100-sur-ma-ligne-stephane-edouard\/","title":{"rendered":"Diff\u00e9rences H\/F : Jancovici 100% sur ma ligne <br>(St\u00e9phane \u00c9douard)"},"content":{"rendered":"<p style=\"text-align: justify;\">[<em>Note de l&#8217;administrateur de ce blog : Jean-Marc Jancovici serait-il un horrible sexiste misogyne r\u00e9actionnaire (homophobe, fasciste, r\u00e9visionniste, antis\u00e9mite&#8230; : assaisonnez \u00e0 volont\u00e9) ? Il semble bien que oui, selon les crit\u00e8res tr\u00e8s particuliers de quelques f\u00e9ministes hyst\u00e9riques, \u00e0 qui l&#8217;on doit au moins reconna\u00eetre le m\u00e9rite de ne pas favoriser leur propre reproduction. <\/em><\/p>\n<p style=\"text-align: justify;\"><em>\u00c0 une \u00e9poque o\u00f9 tant de nos contemporains sont \u00e0 ce point d\u00e9connect\u00e9s du r\u00e9el, accorder encore un peu de poids \u00e0 l&#8217;observation exp\u00e9rimentale est forc\u00e9ment un peu r\u00e9actionnaire.<\/em>]<\/p>\n<hr \/>\n<p>&nbsp;<\/p>\n<p style=\"text-align: center;\"><iframe loading=\"lazy\" src=\"https:\/\/www.youtube.com\/embed\/dlYnH-jiZHM\" width=\"640\" height=\"360\" frameborder=\"0\" allowfullscreen=\"allowfullscreen\"><span style=\"display: inline-block; width: 0px; overflow: hidden; line-height: 0;\" data-mce-type=\"bookmark\" class=\"mce_SELRES_start\">\ufeff<\/span><\/iframe><\/p>\n","protected":false},"excerpt":{"rendered":"<p>[Note de l&#8217;administrateur de ce blog : Jean-Marc Jancovici serait-il un horrible sexiste misogyne r\u00e9actionnaire (homophobe, fasciste, r\u00e9visionniste, antis\u00e9mite&#8230; : assaisonnez \u00e0 volont\u00e9) ? Il semble bien que oui, selon les crit\u00e8res tr\u00e8s particuliers de quelques f\u00e9ministes hyst\u00e9riques, \u00e0 qui l&#8217;on doit au moins reconna\u00eetre le m\u00e9rite de ne pas favoriser leur propre reproduction. \u00c0 [&hellip;]<\/p>\n","protected":false},"author":1,"featured_media":0,"comment_status":"open","ping_status":"open","sticky":false,"template":"","format":"video","meta":[],"categories":[134,133,5],"tags":[933,932,352,931,935,891,934,936],"_links":{"self":[{"href":"https:\/\/aitia.fr\/erd\/wp-json\/wp\/v2\/posts\/10887"}],"collection":[{"href":"https:\/\/aitia.fr\/erd\/wp-json\/wp\/v2\/posts"}],"about":[{"href":"https:\/\/aitia.fr\/erd\/wp-json\/wp\/v2\/types\/post"}],"author":[{"embeddable":true,"href":"https:\/\/aitia.fr\/erd\/wp-json\/wp\/v2\/users\/1"}],"replies":[{"embeddable":true,"href":"https:\/\/aitia.fr\/erd\/wp-json\/wp\/v2\/comments?post=10887"}],"version-history":[{"count":8,"href":"https:\/\/aitia.fr\/erd\/wp-json\/wp\/v2\/posts\/10887\/revisions"}],"predecessor-version":[{"id":10898,"href":"https:\/\/aitia.fr\/erd\/wp-json\/wp\/v2\/posts\/10887\/revisions\/10898"}],"wp:attachment":[{"href":"https:\/\/aitia.fr\/erd\/wp-json\/wp\/v2\/media?parent=10887"}],"wp:term":[{"taxonomy":"category","embeddable":true,"href":"https:\/\/aitia.fr\/erd\/wp-json\/wp\/v2\/categories?post=10887"},{"taxonomy":"post_tag","embeddable":true,"href":"https:\/\/aitia.fr\/erd\/wp-json\/wp\/v2\/tags?post=10887"}],"curies":[{"name":"wp","href":"https:\/\/api.w.org\/{rel}","templated":true}]}}