{"id":10840,"date":"2018-03-02T17:00:47","date_gmt":"2018-03-02T16:00:47","guid":{"rendered":"https:\/\/aitia.fr\/erd\/?p=10840"},"modified":"2018-03-02T15:04:14","modified_gmt":"2018-03-02T14:04:14","slug":"hausse-de-la-csg-guy-et-martine-retraites-et-electeurs-de-macron-perdent-928-euros-par-an-er","status":"publish","type":"post","link":"https:\/\/aitia.fr\/erd\/hausse-de-la-csg-guy-et-martine-retraites-et-electeurs-de-macron-perdent-928-euros-par-an-er\/","title":{"rendered":"Hausse de la CSG : Guy et Martine, retrait\u00e9s et \u00e9lecteurs de Macron, perdent 928 euros par an (E&#038;R)"},"content":{"rendered":"<p style=\"text-align: justify;\"><img decoding=\"async\" loading=\"lazy\" class=\"alignleft wp-image-10842\" src=\"https:\/\/aitia.fr\/erd\/wp-content\/uploads\/2018\/03\/retraites.jpg\" alt=\"\" width=\"375\" height=\"253\" srcset=\"https:\/\/aitia.fr\/erd\/wp-content\/uploads\/2018\/03\/retraites.jpg 400w, https:\/\/aitia.fr\/erd\/wp-content\/uploads\/2018\/03\/retraites-300x203.jpg 300w\" sizes=\"(max-width: 375px) 100vw, 375px\" \/>[<em>Note de l&#8217;administrateur de ce blog : tout ce qui peut contribuer \u00e0 r\u00e9veiller les Fran\u00e7ais est bon \u00e0 prendre, m\u00eame et surtout quand \u00e7a fait mal. Et comme en t\u00e9moigne le &#8220;nuage de mots&#8221; sur la colonne de droite de ce blog, le probl\u00e8me n\u00b01 de notre monde factice est qu&#8217;il n&#8217;est pas per\u00e7u comme tel par nombre de nos contemporains, en raison de media de masse au service d&#8217;une oligarchie qui sont une source de tromperie bien davantage que d&#8217;information.<\/em><\/p>\n<p style=\"text-align: justify;\"><em>\u00c0 ne pas manquer \u00e0 la fin de l&#8217;article : le petit dessin anim\u00e9 illustrant le discours du socialiste canadien Tommy Douglas, preuve que l&#8217;on peut \u00eatre un excellent p\u00e9dagogue tout en faisant preuve d&#8217;une bonne dose d&#8217;humour. C&#8217;est d&#8217;ailleurs bien cela <a href=\"https:\/\/aitia.fr\/erd\/liberte-egalite-fraternite-et-mon-cul-sur-la-commode\/\" target=\"_blank\" rel=\"noopener\">qui est reproch\u00e9 \u00e0 Dieudonn\u00e9<\/a>, et la raison pour laquelle la propagande m\u00e9diatique de l&#8217;ancien monde en cours d&#8217;effondrement n&#8217;a toujours pas trouv\u00e9 d&#8217;autre solution pour diminuer son audience que la ficelle grotesque consistant \u00e0 le faire passer pour un raciste <a href=\"https:\/\/aitia.fr\/erd\/lantisemite\/\" target=\"_blank\" rel=\"noopener\">et un antis\u00e9mite<\/a>.<\/em><\/p>\n<p style=\"text-align: justify;\"><em>P.S. : Tout rapprochement entre le contenu de cet article et l&#8217;illustration de l&#8217;article pr\u00e9c\u00e9dent ne saurait provenir que du mauvais esprit de lecteurs complotistes.<\/em>]<\/p>\n<hr \/>\n<p style=\"text-align: justify;\"><strong>\u00ab\u00a0<i>Environ huit millions de personnes, soit 60% des retrait\u00e9s, ont vu leur pension amoindrie depuis janvier dernier. Pour certains, comme Guy et Martine, un couple des Yvelines, la hausse de la CSG de 1,7 point a entam\u00e9 leur pouvoir d\u2019achat, disent-ils, au point de regretter leur vote \u201cMacron\u201d.<\/i>\u00a0\u00bb <\/strong><\/p>\n<p style=\"text-align: justify;\">Ainsi commence l\u2019article de <a href=\"https:\/\/www.francetvinfo.fr\/economie\/emploi\/carriere\/vie-professionnelle\/retraite\/hausse-de-la-csg-guy-et-martine-retraites-perdent-928-euros-par-an-l-equivalent-de-quatre-mois-de-mutuelle_2635488.html#xtor=CS1-747\" target=\"_blank\" rel=\"noopener\"><strong>francetvinfo<\/strong><\/a> sur la perte de revenus des retrait\u00e9s.<\/p>\n<blockquote class=\"spip\">\n<p style=\"text-align: justify;\">\u00ab\u00a0<em>\u201c77 euros par mois, soit 928 euros par an\u201d<\/em>. Guy D\u00e9champ a fait le calcul. C\u2019est ce que lui et sa femme vont perdre \u00e0 cause de la hausse de la CSG. Guy est un ancien employ\u00e9 de banque. Martine \u00e9tait technicienne de laboratoire. \u00c0 eux deux, ils touchent environ 4 000 euros de retraite mensuelle. S\u2019ils refusent de se plaindre, ils voient que leur pouvoir d\u2019achat a baiss\u00e9. Ce manque \u00e0 gagner, <em>\u201cc\u2019est l\u2019\u00e9quivalent de quatre mois de mutuelle\u201d<\/em>, constate Guy.\u00a0\u00bb<\/p>\n<\/blockquote>\n<p><\/p>\n<p style=\"text-align: justify;\">Avec ce couple de retrait\u00e9s, on tient une sacr\u00e9e synth\u00e8se. Celle de la na\u00efvet\u00e9 politique du Fran\u00e7ais moyen qui croit encore aux beaux discours oligarchiques. Et qui n\u2019a pas saisi le lien fondamental entre le politique et l\u2019\u00e9conomique\u00a0: la promesse du politique correspond \u00e0 une ponction \u00e9conomique, point \u00e0 la ligne.<\/p>\n<p><a href=\"https:\/\/www.egaliteetreconciliation.fr\/Hausse-de-la-CSG-Guy-et-Martine-retraites-et-electeurs-de-Macron-perdent-928-euros-par-an-49990.html\" target=\"_blank\" rel=\"noopener\">Continuer la lecture sur \u00c9galit\u00e9 &amp; R\u00e9conciliation \u27f6<\/a><\/p>\n","protected":false},"excerpt":{"rendered":"<p>[Note de l&#8217;administrateur de ce blog : tout ce qui peut contribuer \u00e0 r\u00e9veiller les Fran\u00e7ais est bon \u00e0 prendre, m\u00eame et surtout quand \u00e7a fait mal. Et comme en t\u00e9moigne le &#8220;nuage de mots&#8221; sur la colonne de droite de ce blog, le probl\u00e8me n\u00b01 de notre monde factice est qu&#8217;il n&#8217;est pas per\u00e7u [&hellip;]<\/p>\n","protected":false},"author":1,"featured_media":0,"comment_status":"open","ping_status":"open","sticky":false,"template":"","format":"standard","meta":[],"categories":[134,29],"tags":[926,599,112,927,566,680,436,925,928],"_links":{"self":[{"href":"https:\/\/aitia.fr\/erd\/wp-json\/wp\/v2\/posts\/10840"}],"collection":[{"href":"https:\/\/aitia.fr\/erd\/wp-json\/wp\/v2\/posts"}],"about":[{"href":"https:\/\/aitia.fr\/erd\/wp-json\/wp\/v2\/types\/post"}],"author":[{"embeddable":true,"href":"https:\/\/aitia.fr\/erd\/wp-json\/wp\/v2\/users\/1"}],"replies":[{"embeddable":true,"href":"https:\/\/aitia.fr\/erd\/wp-json\/wp\/v2\/comments?post=10840"}],"version-history":[{"count":16,"href":"https:\/\/aitia.fr\/erd\/wp-json\/wp\/v2\/posts\/10840\/revisions"}],"predecessor-version":[{"id":10857,"href":"https:\/\/aitia.fr\/erd\/wp-json\/wp\/v2\/posts\/10840\/revisions\/10857"}],"wp:attachment":[{"href":"https:\/\/aitia.fr\/erd\/wp-json\/wp\/v2\/media?parent=10840"}],"wp:term":[{"taxonomy":"category","embeddable":true,"href":"https:\/\/aitia.fr\/erd\/wp-json\/wp\/v2\/categories?post=10840"},{"taxonomy":"post_tag","embeddable":true,"href":"https:\/\/aitia.fr\/erd\/wp-json\/wp\/v2\/tags?post=10840"}],"curies":[{"name":"wp","href":"https:\/\/api.w.org\/{rel}","templated":true}]}}