{"id":10807,"date":"2018-02-24T07:03:45","date_gmt":"2018-02-24T06:03:45","guid":{"rendered":"https:\/\/aitia.fr\/erd\/?p=10807"},"modified":"2018-02-24T07:03:45","modified_gmt":"2018-02-24T06:03:45","slug":"la-jeanne-darc-metisse-dorleans-est-victime-dun-calcul-oligarchique-er","status":"publish","type":"post","link":"https:\/\/aitia.fr\/erd\/la-jeanne-darc-metisse-dorleans-est-victime-dun-calcul-oligarchique-er\/","title":{"rendered":"La &#8220;Jeanne d\u2019Arc&#8221; m\u00e9tisse d\u2019Orl\u00e9ans est victime d\u2019un calcul oligarchique (E&#038;R)"},"content":{"rendered":"<p style=\"text-align: justify;\"><img decoding=\"async\" loading=\"lazy\" class=\"alignleft wp-image-10817\" src=\"https:\/\/aitia.fr\/erd\/wp-content\/uploads\/2018\/02\/orwell-elections.jpg\" alt=\"\" width=\"380\" height=\"193\" srcset=\"https:\/\/aitia.fr\/erd\/wp-content\/uploads\/2018\/02\/orwell-elections.jpg 499w, https:\/\/aitia.fr\/erd\/wp-content\/uploads\/2018\/02\/orwell-elections-300x152.jpg 300w\" sizes=\"(max-width: 380px) 100vw, 380px\" \/>[<em>Note de l&#8217;administrateur de ce blog : agiter le peuple avant de s&#8217;en servir, c&#8217;est une recette oligarchique \u00e9prouv\u00e9e depuis au moins 1789. Et cela marche d&#8217;autant mieux que l&#8217;on en parle peu, voire que l&#8217;on traite de <a href=\"https:\/\/aitia.fr\/erd\/les-mots-creux-du-nouveau-maccarthysme\/\" target=\"_blank\" rel=\"noopener\">&#8220;complotistes&#8221;<\/a> tous ceux qui ne font que produire des d\u00e9ductions logiques, d&#8217;une part de techniques de manipulation de l&#8217;opinion <a href=\"https:\/\/www.macroeditions.com\/blog\/actualites-et-conspirations\/neuro-esclaves-et-neuro-pirates-debarque-en-conference-a-paris\" target=\"_blank\" rel=\"noopener\">connues et r\u00e9pertori\u00e9es<\/a>, et d&#8217;autre part d&#8217;une tendance naturelle \u00e9galement connue des <a href=\"https:\/\/perversionnarcissiqueetpsychopathie.wordpress.com\/2014\/09\/04\/pathologie-du-pouvoir-psychologie-des-leaders-psychopathes-question-de-narcissisme-13\/\" target=\"_blank\" rel=\"noopener\">pervers ou psychopathes<\/a>, et plus g\u00e9n\u00e9ralement des personnes sans empathie ni morale, \u00e0 se retrouver aux &#8220;postes de commandement&#8221; d&#8217;une soci\u00e9t\u00e9 (humaine, industrielle&#8230;). <\/em><\/p>\n<p style=\"text-align: justify;\"><em>Par la capacit\u00e9 d&#8217;analyse et de r\u00e9flexion qu&#8217;elle tente de communiquer \u00e0 ses lecteurs, la r\u00e9daction d&#8217;\u00c9galit\u00e9 &amp; R\u00e9conciliation &#8211; qui m\u00e9rite ici fort bien son nom &#8211; montre qu&#8217;il faut toujours savoir regarder la lune plut\u00f4t que le doigt. Malheureusement, \u00e0 force de propagande primaire diffus\u00e9e par des media complices, beaucoup de nos concitoyens n&#8217;ont toujours pas cette capacit\u00e9 et tombent r\u00e9guli\u00e8rement dans les gros panneaux que l&#8217;oligarchie brandit devant leurs nez.<\/em>]<\/p>\n<hr \/>\n<p style=\"text-align: justify;\"><strong>Mathilde Edey Gamoussou, une jeune fille de 15 ans, a donc \u00e9t\u00e9 choisie par la ville d\u2019Orl\u00e9ans pour repr\u00e9senter la pucelle aux prochaines f\u00eates Johanniques au printemps. Orl\u00e9ans est la ville dont le d\u00e9put\u00e9-maire (Serge Grouard \u00e0 l\u2019\u00e9poque) avait vou\u00e9 Dieudonn\u00e9 aux g\u00e9monies et interdit son spectacle. Ob\u00e9issant \u00e0 l\u2019injonction antiraciste et immigrationniste de l\u2019oligarchie, qui se transmet via les politiques et les m\u00e9dias aux ordres, les autorit\u00e9s des f\u00eates Johanniques ont opt\u00e9 pour une jeune Fran\u00e7aise de couleur. Pile dans le d\u00e9bat sur la loi asile et immigration. Les ingr\u00e9dients d\u2019une ing\u00e9nierie sociale parfaite sont en place&#8230; <\/strong><\/p>\n<dl class=\"spip_document_25071 spip_documents spip_documents_center\">\n<dt>\n<p><div style=\"width: 660px\" class=\"wp-caption aligncenter\"><img decoding=\"async\" loading=\"lazy\" src=\"https:\/\/www.egaliteetreconciliation.fr\/local\/cache-vignettes\/L650xH245\/comite_jeanne_arc-4cc40.jpg\" alt=\"JPEG - 50.3 ko\" width=\"650\" height=\"245\" \/><p class=\"wp-caption-text\">Le comit\u00e9 Jeanne, \u00e0 ne pas confondre avec les Comit\u00e9s Jeanne de Jean-Marie Le Pen<\/p><\/div><\/dt>\n<dt class=\"crayon document-titre-25071 spip_doc_titre\"><\/dt>\n<\/dl>\n<p style=\"text-align: justify;\">Le maire LR Olivier Carr\u00e9 d\u00e9fend la candidature de la jeune fille, alors que les r\u00e9seaux sociaux se d\u00e9cha\u00eenent. Le toll\u00e9 n\u2019a pas \u00e9t\u00e9 d\u00e9clench\u00e9 par un racisme \u2013 m\u00eame si on ne peut pas emp\u00eacher de gros d\u00e9rapages d\u00e9biles \u2013 \u00e0 l\u2019encontre de la m\u00e9tisse en question, qui est bien fran\u00e7aise, mais par le choix provocateur des autorit\u00e9s. B\u00e9n\u00e9dicte Baranger, pr\u00e9sidente du comit\u00e9 Jeanne d\u2019Arc, d\u00e9fend l\u2019\u00e9lue\u00a0:<\/p>\n<blockquote class=\"spip\"><p>\u00ab\u00a0Elle r\u00e9pond aux quatre crit\u00e8res de choix que nous nous sommes fix\u00e9s\u00a0: r\u00e9sider \u00e0 Orl\u00e9ans depuis dix ans, \u00eatre scolaris\u00e9e dans un lyc\u00e9e orl\u00e9anais, \u00eatre catholique et donner du temps aux autres. Il n\u2019y a aucune provocation, elle portera notre histoire de France \u00e0 tous, comme l\u2019ont fait les autres Jeanne avant elle.\u00a0\u00bb<\/p><\/blockquote>\n<p><\/p>\n<p><a href=\"https:\/\/www.egaliteetreconciliation.fr\/La-Jeanne-d-Arc-metisse-d-Orleans-est-victime-d-un-calcul-oligarchique-49887.html\" target=\"_blank\" rel=\"noopener\">Continuer la lecture sur \u00c9galit\u00e9 &amp; R\u00e9conciliation \u2192<\/a><\/p>\n<p style=\"text-align: justify;\">Et pour creuser un peu plus profond ce sujet, j&#8217;invite vivement mes lecteurs \u00e0 prendre connaissance de l&#8217;excellente analyse de Philippe Vergnes dont la premi\u00e8re partie est en lien dans l&#8217;introduction :<\/p>\n<ul>\n<li>\n<p class=\"post-title\"><a href=\"https:\/\/perversionnarcissiqueetpsychopathie.wordpress.com\/2014\/09\/04\/pathologie-du-pouvoir-psychologie-des-leaders-psychopathes-question-de-narcissisme-13\/\" target=\"_blank\" rel=\"noopener\">Pathologie du pouvoir : Psychologie des leaders psychopathes \u2013 Question de narcissisme \u2013\u00a0(1\/3)<\/a><\/p>\n<\/li>\n<li>\n<p class=\"post-title\"><a href=\"https:\/\/perversionnarcissiqueetpsychopathie.wordpress.com\/2014\/09\/12\/pathologie-du-pourvoir-psychologie-des-leaders-psychopathes-narcissismes-sain-et-pathologiques-23\/\" target=\"_blank\" rel=\"noopener\">Pathologie du pourvoir : Psychologie des leaders psychopathes \u2013 Narcissismes sain et pathologiques \u2013\u00a0(2\/3)<\/a><\/p>\n<\/li>\n<li>\n<p class=\"post-title\"><a href=\"https:\/\/perversionnarcissiqueetpsychopathie.wordpress.com\/2014\/09\/24\/pathologie-du-pouvoir-psychologie-des-leaders-psychopathes-sommes-nous-complices-33\/\" target=\"_blank\" rel=\"noopener\">Pathologie du pouvoir : Psychologie des leaders psychopathes \u2013 Sommes-nous complices ?\u00a0(3\/3)<\/a><\/p>\n<\/li>\n<\/ul>\n<p>&nbsp;<\/p>\n","protected":false},"excerpt":{"rendered":"<p>[Note de l&#8217;administrateur de ce blog : agiter le peuple avant de s&#8217;en servir, c&#8217;est une recette oligarchique \u00e9prouv\u00e9e depuis au moins 1789. Et cela marche d&#8217;autant mieux que l&#8217;on en parle peu, voire que l&#8217;on traite de &#8220;complotistes&#8221; tous ceux qui ne font que produire des d\u00e9ductions logiques, d&#8217;une part de techniques de manipulation [&hellip;]<\/p>\n","protected":false},"author":1,"featured_media":0,"comment_status":"open","ping_status":"open","sticky":false,"template":"","format":"standard","meta":[],"categories":[4,134,6],"tags":[555,229,20,436],"_links":{"self":[{"href":"https:\/\/aitia.fr\/erd\/wp-json\/wp\/v2\/posts\/10807"}],"collection":[{"href":"https:\/\/aitia.fr\/erd\/wp-json\/wp\/v2\/posts"}],"about":[{"href":"https:\/\/aitia.fr\/erd\/wp-json\/wp\/v2\/types\/post"}],"author":[{"embeddable":true,"href":"https:\/\/aitia.fr\/erd\/wp-json\/wp\/v2\/users\/1"}],"replies":[{"embeddable":true,"href":"https:\/\/aitia.fr\/erd\/wp-json\/wp\/v2\/comments?post=10807"}],"version-history":[{"count":14,"href":"https:\/\/aitia.fr\/erd\/wp-json\/wp\/v2\/posts\/10807\/revisions"}],"predecessor-version":[{"id":10822,"href":"https:\/\/aitia.fr\/erd\/wp-json\/wp\/v2\/posts\/10807\/revisions\/10822"}],"wp:attachment":[{"href":"https:\/\/aitia.fr\/erd\/wp-json\/wp\/v2\/media?parent=10807"}],"wp:term":[{"taxonomy":"category","embeddable":true,"href":"https:\/\/aitia.fr\/erd\/wp-json\/wp\/v2\/categories?post=10807"},{"taxonomy":"post_tag","embeddable":true,"href":"https:\/\/aitia.fr\/erd\/wp-json\/wp\/v2\/tags?post=10807"}],"curies":[{"name":"wp","href":"https:\/\/api.w.org\/{rel}","templated":true}]}}