{"id":10722,"date":"2018-02-07T22:14:29","date_gmt":"2018-02-07T21:14:29","guid":{"rendered":"https:\/\/aitia.fr\/erd\/?p=10722"},"modified":"2018-12-25T20:22:43","modified_gmt":"2018-12-25T19:22:43","slug":"soral-et-dieudonne-sont-antisemites-boniface-se-couche-face-a-mabrouk-er","status":"publish","type":"post","link":"https:\/\/aitia.fr\/erd\/soral-et-dieudonne-sont-antisemites-boniface-se-couche-face-a-mabrouk-er\/","title":{"rendered":"&#8220;Soral et Dieudonn\u00e9 sont antis\u00e9mites&#8221; : Boniface se couche face \u00e0 Mabrouk (E&#038;R)"},"content":{"rendered":"<p style=\"text-align: justify;\"><img decoding=\"async\" loading=\"lazy\" class=\"alignleft size-full wp-image-10727\" src=\"https:\/\/aitia.fr\/erd\/wp-content\/uploads\/2018\/02\/Boniface.jpg\" alt=\"\" width=\"300\" height=\"300\" srcset=\"https:\/\/aitia.fr\/erd\/wp-content\/uploads\/2018\/02\/Boniface.jpg 300w, https:\/\/aitia.fr\/erd\/wp-content\/uploads\/2018\/02\/Boniface-150x150.jpg 150w\" sizes=\"(max-width: 300px) 100vw, 300px\" \/>[<em>Note de l&#8217;administrateur de ce blog : Pascal Boniface a \u00e9t\u00e9 un intellectuel int\u00e9ressant, dont j&#8217;ai achet\u00e9 et lu l&#8217;ouvrage &#8220;<a href=\"https:\/\/www.iris-france.org\/publications\/les-intellectuels-faussaires\/\" target=\"_blank\" rel=\"noopener\">Les intellectuels faussaires<\/a>&#8221; o\u00f9 il \u00e9pinglait avec justesse les grands sp\u00e9cialistes de la d\u00e9sinformation, au premier rang desquels Bernard-Henri L\u00e9vy (&#8220;seigneur et ma\u00eetre des faussaires&#8221;) et Caroline Fourest (&#8220;serial menteuse&#8221;). H\u00e9las, la rigueur intellectuelle, cela se pratique \u00e0 temps complet et pas en fonction de la direction ou de la vitesse du vent. Lequel est visiblement aujourd&#8217;hui trop fort pour le capitaine de p\u00e9dalo Boniface.<\/em><\/p>\n<p style=\"text-align: justify;\"><em>\u00c0 l&#8217;exact oppos\u00e9 de ce r\u00e9sidu d&#8217;intellectuel tentant de surnager dans le cloaque de la d\u00e9sinformation sioniste, on trouve une femme, ne se pr\u00e9tendant nullement intellectuelle : V\u00e9ronique L\u00e9vy, la petite s\u0153ur<span id='easy-footnote-1-10722' class='easy-footnote-margin-adjust'><\/span><span class='easy-footnote'><a href='https:\/\/aitia.fr\/erd\/soral-et-dieudonne-sont-antisemites-boniface-se-couche-face-a-mabrouk-er\/#easy-footnote-bottom-1-10722' title='Chacun sa croix&amp;#8230;'><sup>1<\/sup><\/a><\/span> de B<sup>2<\/sup>HL<span id='easy-footnote-2-10722' class='easy-footnote-margin-adjust'><\/span><span class='easy-footnote'><a href='https:\/\/aitia.fr\/erd\/soral-et-dieudonne-sont-antisemites-boniface-se-couche-face-a-mabrouk-er\/#easy-footnote-bottom-2-10722' title='Bernard &lt;a href=&quot;https:\/\/www.letelegramme.fr\/ig\/generales\/france-monde\/france\/canular-bhl-pris-en-flagrant-delit-de-botulisme-10-02-2010-776979.php&quot; target=&quot;_blank&quot; rel=&quot;noopener&quot;&gt;Botul&lt;\/a&gt; Henri L\u00e9vy'><sup>2<\/sup><\/a><\/span>. Convertie au catholicisme et devenue m\u00eame clairement mystique, celle-ci n&#8217;h\u00e9sitait pas \u00e0 \u00e9crire le 9 janvier dernier <a href=\"https:\/\/www.facebook.com\/veroniquelevy.officiel\/posts\/2024620644452891\" target=\"_blank\" rel=\"noopener\">sur facebook<\/a> :<\/em><\/p>\n<blockquote>\n<p style=\"text-align: justify;\"><em>&#8220;Le mot &#8220;juif&#8221; ne devrait donc renvoyer qu&#8217;aux douze tribus d&#8217;Isra\u00ebl et au royaume de Juda d&#8217;il y a plus de 2000 ans&#8230; et dont certains palestiniens sont les justes h\u00e9ritiers, selon la chair et le sang.&#8221;<\/em><\/p>\n<p style=\"text-align: center;\">[&#8230;]<\/p>\n<p><em>&#8220;En effet, aujourd&#8217;hui, tr\u00e8s peu de &#8220;juifs&#8221; descendent du Roi David, mais d&#8217;un peuple d&#8217;Europe centrale converti apr\u00e8s le moyen \u00e2ge, bien ult\u00e9rieurement au christianisme, au Talmud de Babylone &#8230; non au Pentateuque (Thora), qui lui, est un livre Sacr\u00e9.<\/em><br \/>\n<em> Les <a href=\"https:\/\/fr.wikipedia.org\/wiki\/Khazars\" target=\"_blank\" rel=\"noopener\">Khazars<\/a> s&#8217;autoproclament fid\u00e8les, mais leur l\u00e9gitimit\u00e9 n&#8217;est autre que celle qu&#8217;ils s&#8217;octroient, dans l&#8217;all\u00e9geance aux sectes talmudique et cabalistique servant leur r\u00eave d&#8217;expansion imp\u00e9rialiste \u00e9conomique&#8230; confisquant l&#8217;universalit\u00e9 du Salut promis par Abraham aux nations pa\u00efennes, et la d\u00e9naturant aux privil\u00e8ges d&#8217;un syst\u00e8me de caste, excluant de la Promesse, &#8220;ceux qui ne sont pas bien n\u00e9s&#8221; : les &#8220;goyim&#8221;.&#8221;<\/em><\/p>\n<p style=\"text-align: center;\">[&#8230;]<\/p>\n<p><em>&#8220;Et enfin, les fanatiques et les sionistes ne trahissent-ils pas la Parole de Dieu deux fois ? Dans l&#8217;\u00e9sot\u00e9risme et le l\u00e9galisme talmudique et cabaliste ; dans l&#8217;enlisement politique et ath\u00e9e d&#8217;une colonisation sanglante.<\/em><br \/>\n<em> Qu&#8217;ils cessent d&#8217;agiter le chiffon rouge de l&#8217;antis\u00e9mitisme au nez de ceux qui cherchent la V\u00e9rit\u00e9 et dont l&#8217;Unique Visage est Celui du Christ !<\/em><br \/>\n<em> L&#8217;amour n&#8217;est-ce pas annoncer la V\u00e9rit\u00e9 que certains tentent de b\u00e2illonner par ce mot ensorcel\u00e9: antis\u00e9mite ?&#8221;<\/em><\/p><\/blockquote>\n<p>&nbsp;<\/p>\n<p style=\"text-align: justify;\"><em>\u00c7a a tout de m\u00eame une autre gueule que l&#8217;aplaventrisme fa\u00e7on Boniface.<\/em><\/p>\n<p style=\"text-align: justify;\"><em>Dieu vomit les ti\u00e8des. Parole d&#8217;ath\u00e9e.<\/em>]<\/p>\n<hr \/>\n<p style=\"text-align: justify;\"><strong>Apr\u00e8s avoir visionn\u00e9 cet \u00ab\u00a0entretien\u00a0\u00bb, on se demande ce qui est le plus \u00e9c\u0153urant\u00a0: le z\u00e8le et le ton inquisiteur de Sonia Mabrouk\u00a0[<a id=\"nh1\" class=\"spip_note\" title=\"\u00ab Rep\u00e9r\u00e9e \u00bb par Jean-Pierre Elkabbach.\" href=\"https:\/\/www.egaliteetreconciliation.fr\/Soral-et-Dieudonne-sont-antisemites-Boniface-se-couche-face-a-Mabrouk-49670.html#nb1\" target=\"_blank\" rel=\"footnote noopener\">1<\/a>] ou la l\u00e2chet\u00e9 \u00e9quivoque de Pascal Boniface qui, comme \u00e0 son habitude, tente de se d\u00e9douaner en \u00ab\u00a0balan\u00e7ant\u00a0\u00bb Alain Soral et Dieudonn\u00e9.<\/strong><\/p>\n<p style=\"text-align: justify;\">Face \u00e0 l\u2019insistance quasi obsessionnelle de l\u2019animatrice tunisienne de quarante ans (c\u2019est mieux qu\u2019un m\u00e2le blanc de plus de cinquante ans) de CNews et d\u2019Europe 1 (ses patrons sont donc Vincent Bollor\u00e9 et Arnaud Lagard\u00e8re, deux m\u00e2les blancs de plus de cinquante ans), le petit Boniface n\u2019a m\u00eame pas tenu cinq minutes\u00a0: fid\u00e8le \u00e0 sa rh\u00e9torique demi-molle, le directeur et fondateur de l\u2019Institut de relations internationales et strat\u00e9giques (IRIS) a abjur\u00e9.<\/p>\n<p style=\"text-align: justify;\">Soral\u00a0?<\/p>\n<blockquote>\n<p style=\"text-align: justify;\">\u00ab\u00a0<i>Il a tenu des propos antis\u00e9mites.<\/i>\u00a0\u00bb<\/p>\n<\/blockquote>\n<p><\/p>\n<p style=\"text-align: justify;\">Dieudonn\u00e9\u00a0?<\/p>\n<blockquote>\n<p style=\"text-align: justify;\">\u00ab\u00a0<i>Il est devenu antis\u00e9mite.<\/i>\u00a0\u00bb<\/p>\n<\/blockquote>\n<p><\/p>\n<p style=\"text-align: justify;\">Panamza\u00a0?<\/p>\n<blockquote>\n<p style=\"text-align: justify;\">\u00ab\u00a0<i>Il est devenu complotiste.<\/i>\u00a0\u00bb<\/p>\n<\/blockquote>\n<p><\/p>\n<p style=\"text-align: justify;\"><a href=\"https:\/\/www.egaliteetreconciliation.fr\/Soral-et-Dieudonne-sont-antisemites-Boniface-se-couche-face-a-Mabrouk-49670.html\" target=\"_blank\" rel=\"noopener\">Observer en totalit\u00e9 la chute libre de Pascal Boniface sur \u00c9galit\u00e9 &amp; R\u00e9conciliation \u2192<\/a><\/p>\n<hr \/>\n<p style=\"text-align: justify;\">Apportons quelques \u00e9l\u00e9ments factuels de r\u00e9flexion \u00e0 ce qui reste d&#8217;intelligence chez Pascal Boniface :<\/p>\n<ul>\n<li>sur &#8220;<a href=\"https:\/\/www.youtube.com\/watch?v=PlBBZmLYTp4\" target=\"_blank\" rel=\"noopener\">l&#8217;antis\u00e9mitisme<\/a>&#8221; d&#8217;Alain Soral ;<\/li>\n<li>sur &#8220;<a href=\"https:\/\/aitia.fr\/erd\/lantisemite\/\" target=\"_blank\" rel=\"noopener\">l&#8217;antis\u00e9mitisme<\/a>&#8221; de Dieudonn\u00e9 ;<\/li>\n<li>sur le &#8220;complotisme&#8221; (<a href=\"https:\/\/aitia.fr\/erd\/les-mots-creux-du-nouveau-maccarthysme\/\" target=\"_blank\" rel=\"noopener\">en g\u00e9n\u00e9ral<\/a> et <a href=\"https:\/\/aitia.fr\/erd\/la-societe-europeenne-de-physique-vire-complotiste\/\" target=\"_blank\" rel=\"noopener\">en particulier<\/a>) ;<\/li>\n<li>sur l&#8217;origine khazare des juifs ashk\u00e9nazes<span id='easy-footnote-3-10722' class='easy-footnote-margin-adjust'><\/span><span class='easy-footnote'><a href='https:\/\/aitia.fr\/erd\/soral-et-dieudonne-sont-antisemites-boniface-se-couche-face-a-mabrouk-er\/#easy-footnote-bottom-3-10722' title='Bien qu&amp;#8217;il y ait &amp;#8220;naze&amp;#8221; dedans, &amp;#8220;ashk\u00e9naze&amp;#8221; n&amp;#8217;est pas (encore) consid\u00e9r\u00e9 comme un mot antis\u00e9mite.'><sup>3<\/sup><\/a><\/span> dont parle V\u00e9ronique L\u00e9vy.<\/li>\n<\/ul>\n<p style=\"text-align: justify;\">Et aidons-le \u00e0 compl\u00e9ter sa liste d&#8217;antis\u00e9mites (selon le sens promu par les media de grand chemin) <a href=\"https:\/\/aitia.fr\/erd\/luttons-contre-l-antisemitisme\/\" target=\"_blank\" rel=\"noopener\">avec quelques personnalit\u00e9s<\/a>.<\/p>\n","protected":false},"excerpt":{"rendered":"<p>[Note de l&#8217;administrateur de ce blog : Pascal Boniface a \u00e9t\u00e9 un intellectuel int\u00e9ressant, dont j&#8217;ai achet\u00e9 et lu l&#8217;ouvrage &#8220;Les intellectuels faussaires&#8221; o\u00f9 il \u00e9pinglait avec justesse les grands sp\u00e9cialistes de la d\u00e9sinformation, au premier rang desquels Bernard-Henri L\u00e9vy (&#8220;seigneur et ma\u00eetre des faussaires&#8221;) et Caroline Fourest (&#8220;serial menteuse&#8221;). H\u00e9las, la rigueur intellectuelle, cela [&hellip;]<\/p>\n","protected":false},"author":1,"featured_media":0,"comment_status":"open","ping_status":"open","sticky":false,"template":"","format":"standard","meta":[],"categories":[4,134,29],"tags":[416,916,917,918,919,21],"_links":{"self":[{"href":"https:\/\/aitia.fr\/erd\/wp-json\/wp\/v2\/posts\/10722"}],"collection":[{"href":"https:\/\/aitia.fr\/erd\/wp-json\/wp\/v2\/posts"}],"about":[{"href":"https:\/\/aitia.fr\/erd\/wp-json\/wp\/v2\/types\/post"}],"author":[{"embeddable":true,"href":"https:\/\/aitia.fr\/erd\/wp-json\/wp\/v2\/users\/1"}],"replies":[{"embeddable":true,"href":"https:\/\/aitia.fr\/erd\/wp-json\/wp\/v2\/comments?post=10722"}],"version-history":[{"count":21,"href":"https:\/\/aitia.fr\/erd\/wp-json\/wp\/v2\/posts\/10722\/revisions"}],"predecessor-version":[{"id":12009,"href":"https:\/\/aitia.fr\/erd\/wp-json\/wp\/v2\/posts\/10722\/revisions\/12009"}],"wp:attachment":[{"href":"https:\/\/aitia.fr\/erd\/wp-json\/wp\/v2\/media?parent=10722"}],"wp:term":[{"taxonomy":"category","embeddable":true,"href":"https:\/\/aitia.fr\/erd\/wp-json\/wp\/v2\/categories?post=10722"},{"taxonomy":"post_tag","embeddable":true,"href":"https:\/\/aitia.fr\/erd\/wp-json\/wp\/v2\/tags?post=10722"}],"curies":[{"name":"wp","href":"https:\/\/api.w.org\/{rel}","templated":true}]}}