{"id":1063,"date":"2015-01-20T08:36:09","date_gmt":"2015-01-20T07:36:09","guid":{"rendered":"https:\/\/aitia.fr\/erd\/?p=1063"},"modified":"2015-01-20T15:38:40","modified_gmt":"2015-01-20T14:38:40","slug":"charlie-hebdo-cest-du-sadisme-pas-de-la-satire-norman-finkelstein","status":"publish","type":"post","link":"https:\/\/aitia.fr\/erd\/charlie-hebdo-cest-du-sadisme-pas-de-la-satire-norman-finkelstein\/","title":{"rendered":"&#8220;Charlie Hebdo c&#8217;est du sadisme, pas de la satire&#8221; (Norman Finkelstein)"},"content":{"rendered":"<div style=\"width: 214px\" class=\"wp-caption alignleft\"><a href=\"https:\/\/commons.wikimedia.org\/wiki\/File:Norman_finkelstein_suffolk.jpg\"><img decoding=\"async\" loading=\"lazy\" class=\"\" src=\"https:\/\/upload.wikimedia.org\/wikipedia\/commons\/thumb\/2\/2c\/Norman_finkelstein_suffolk.jpg\/204px-Norman_finkelstein_suffolk.jpg\" alt=\"Norman Finkelstein\" width=\"204\" height=\"240\" \/><\/a><p class=\"wp-caption-text\">Norman Finkelstein<\/p><\/div>\n<p style=\"text-align: justify;\">Norman Finkelstein est un de ces intellectuels juifs dont on n&#8217;entend jamais parler en France parce qu&#8217;il a un cerveau pas malade du tout, et passe son temps \u00e0 <a title=\"American Radical - les proc\u00e8s de Norman Finkelstein\" href=\"https:\/\/www.youtube.com\/watch?v=hsLfBTOqBi8\" target=\"_blank\">remettre les choses d&#8217;\u00e9querre<\/a> concernant l&#8217;exploitation \u00e9hont\u00e9e de la pers\u00e9cution des juifs d&#8217;Europe, dont sa famille a \u00e9t\u00e9 victime en Pologne.<\/p>\n<p style=\"text-align: justify;\">Il vient de remettre \u00e9galement\u00a0les pendules \u00e0 l&#8217;heure concernant <a title=\"Le spectaculaire \u00e9chec m\u00e9diatique \u00e0 propos de Charlie Hebdo\" href=\"https:\/\/arretsurinfo.ch\/le-spectaculaire-echec-mediatique-a-propos-de-charlie-hebdo\/\" target=\"_blank\">Charlie Hebdo<\/a>, qui au-del\u00e0 de la provocation et de la vulgarit\u00e9\u00a0eut son heure de gloire du temps de Reiser et de Cavanna, avant de sombrer dans la collaboration la plus servile avec l&#8217;id\u00e9ologie dominante sous la coupe du tr\u00e8s rampant et tr\u00e8s sarkozyste Philippe Val.<\/p>\n<p style=\"text-align: justify;\">Sayed Hasan a traduit pour nous <a title=\"Charlie Hebdo is sadism not satire (Norman Finkelstein)\" href=\"https:\/\/normanfinkelstein.com\/2015\/01\/19\/norman-finkelstein-charlie-hebdo-is-sadism-not-satire\/\" target=\"_blank\">son article original en anglais<\/a>.<\/p>\n<p style=\"text-align: justify;\"><a title=\"Norman Finkelstein : Charlie Hebdo n\u2019est pas satirique, il est sadique\" href=\"https:\/\/sayed7asan.blogspot.fr\/2015\/01\/norman-finkelstein-charlie-hebdo-nest.html\" target=\"_blank\">Continuer la lecture\u00a0sur Sayed Hasan\u00a0<span class=\"meta-nav\">\u2192<\/span><\/a><\/p>\n<p style=\"text-align: justify;\">\n","protected":false},"excerpt":{"rendered":"<p>Norman Finkelstein est un de ces intellectuels juifs dont on n&#8217;entend jamais parler en France parce qu&#8217;il a un cerveau pas malade du tout, et passe son temps \u00e0 remettre les choses d&#8217;\u00e9querre concernant l&#8217;exploitation \u00e9hont\u00e9e de la pers\u00e9cution des juifs d&#8217;Europe, dont sa famille a \u00e9t\u00e9 victime en Pologne. Il vient de remettre \u00e9galement\u00a0les [&hellip;]<\/p>\n","protected":false},"author":1,"featured_media":0,"comment_status":"open","ping_status":"open","sticky":false,"template":"","format":"standard","meta":[],"categories":[4,134,29],"tags":[115,138,48],"_links":{"self":[{"href":"https:\/\/aitia.fr\/erd\/wp-json\/wp\/v2\/posts\/1063"}],"collection":[{"href":"https:\/\/aitia.fr\/erd\/wp-json\/wp\/v2\/posts"}],"about":[{"href":"https:\/\/aitia.fr\/erd\/wp-json\/wp\/v2\/types\/post"}],"author":[{"embeddable":true,"href":"https:\/\/aitia.fr\/erd\/wp-json\/wp\/v2\/users\/1"}],"replies":[{"embeddable":true,"href":"https:\/\/aitia.fr\/erd\/wp-json\/wp\/v2\/comments?post=1063"}],"version-history":[{"count":5,"href":"https:\/\/aitia.fr\/erd\/wp-json\/wp\/v2\/posts\/1063\/revisions"}],"predecessor-version":[{"id":1076,"href":"https:\/\/aitia.fr\/erd\/wp-json\/wp\/v2\/posts\/1063\/revisions\/1076"}],"wp:attachment":[{"href":"https:\/\/aitia.fr\/erd\/wp-json\/wp\/v2\/media?parent=1063"}],"wp:term":[{"taxonomy":"category","embeddable":true,"href":"https:\/\/aitia.fr\/erd\/wp-json\/wp\/v2\/categories?post=1063"},{"taxonomy":"post_tag","embeddable":true,"href":"https:\/\/aitia.fr\/erd\/wp-json\/wp\/v2\/tags?post=1063"}],"curies":[{"name":"wp","href":"https:\/\/api.w.org\/{rel}","templated":true}]}}