{"id":10619,"date":"2018-01-31T13:00:06","date_gmt":"2018-01-31T12:00:06","guid":{"rendered":"https:\/\/aitia.fr\/erd\/?p=10619"},"modified":"2018-01-31T11:55:46","modified_gmt":"2018-01-31T10:55:46","slug":"le-lobby-assawra","status":"publish","type":"post","link":"https:\/\/aitia.fr\/erd\/le-lobby-assawra\/","title":{"rendered":"Le lobby&#8230; (Assawra)"},"content":{"rendered":"<p style=\"text-align: justify;\"><a href=\"https:\/\/assawra.blogspot.fr\/2018\/01\/le-lobby.html\" target=\"_blank\" rel=\"noopener\"><img decoding=\"async\" loading=\"lazy\" class=\"alignleft wp-image-10621\" src=\"https:\/\/aitia.fr\/erd\/wp-content\/uploads\/2018\/01\/pal49-1-300x177.jpg\" alt=\"\" width=\"403\" height=\"238\" srcset=\"https:\/\/aitia.fr\/erd\/wp-content\/uploads\/2018\/01\/pal49-1-300x177.jpg 300w, https:\/\/aitia.fr\/erd\/wp-content\/uploads\/2018\/01\/pal49-1.jpg 500w\" sizes=\"(max-width: 403px) 100vw, 403px\" \/><\/a>(source : <a href=\"https:\/\/assawra.blogspot.fr\/2018\/01\/le-lobby.html\" target=\"_blank\" rel=\"noopener\">Assawra &#8211; \u0627\u0644\u062b\u0648\u0631\u0629 &#8211; Site du Mouvement D\u00e9mocratique Arabe<\/a>)<\/p>\n<hr \/>\n<p style=\"text-align: justify;\" title=\"Site du Mouvement D\u00e9mocratique Arabe&lt;br&gt; \u0645\u0648\u0642\u0639 \u0627\u0644\u062d\u0631\u0643\u0629 \u0627\u0644\u0639\u0631\u0628\u064a\u0629 \u0627\u0644\u062f\u064a\u0645\u0642\u0631\u0627\u0637\u064a\u0629\">Le BNVCA demande aux Pr\u00e9fets des d\u00e9partements fran\u00e7ais du 92, 93 et 94 de, je cite, <i>faire annuler l\u2019arr\u00eat\u00e9 ill\u00e9gal et abusif des Maires de Gennevilliers, Stains, Bondy, Vitry, qui veulent d\u00e9clarer unilat\u00e9ralement, la reconnaissance pr\u00e9matur\u00e9e d\u2019un \u00c9tat de Palestine.<\/i><\/p>\n<p style=\"text-align: justify;\">Excusez-moi&#8230; j&#8217;ai saut\u00e9 une \u00e9tape. J&#8217;oublie la pr\u00e9sentation.<\/p>\n<p style=\"text-align: justify;\">Le BNVCA est le <i>&#8220;<a href=\"https:\/\/www.bnvca.org\/\" target=\"_blank\" rel=\"noopener\">Bureau National de Vigilance contre l\u2019Antis\u00e9mitisme<\/a>&#8220;<\/i>. Rassurez-vous. \u00c7a n\u2019a rien \u00e0 voir avec son titre.<\/p>\n<p style=\"text-align: justify;\">En r\u00e9alit\u00e9, le BNVCA est un lobby de soutien inconditionnel aux gouvernements isra\u00e9liens quels qu\u2019ils soient.<\/p>\n<p style=\"text-align: justify;\">Il assimile syst\u00e9matiquement toute critique de l\u2019\u00c9tat d\u2019Isra\u00ebl \u00e0 de l\u2019antis\u00e9mitisme.<\/p>\n<p style=\"text-align: justify;\">Il essaie par la menace et l\u2019intimidation d\u2019emp\u00eacher la d\u00e9nonciation des politiques isra\u00e9liennes de colonisation, d\u2019occupation, d\u2019apartheid et d\u2019\u00e9puration ethnique.<\/p>\n<p style=\"text-align: justify;\">Il essaie de criminaliser toutes les actions de soutien aux droits du peuple palestinien et notamment les actions de <a href=\"https:\/\/www.bdsfrance.org\" target=\"_blank\" rel=\"noopener\">BDS<\/a> (boycott, d\u00e9sinvestissement, sanctions) qualifi\u00e9s selon lui de <i>&#8220;discrimination raciale&#8221;<\/i> et d\u2019<i>&#8220;incitation \u00e0 la haine et \u00e0 la violence&#8221;<\/i><\/p>\n<p style=\"text-align: justify;\">De ce fait, il n&#8217;est pas difficile de deviner la position du BNVCA concernant la jeune Palestinienne <a href=\"https:\/\/www.jeuneafrique.com\/mag\/519345\/politique\/ahed-tamimi-rosa-parks-de-la-cause-palestinienne\/\" target=\"_blank\" rel=\"noopener\">Ahed Tamimi<\/a> qui a os\u00e9 gifl\u00e9 un soldat de l\u2019\u00c9tat d\u2019Isra\u00ebl qui se veut celui du <i>peuple juif.<\/i><br \/>\nComme doit le <i>croire<\/i> aussi le BNVCA.<\/p>\n<p><b>Al Faraby,<\/b><br \/>\nDimanche, 28 janvier 2018<\/p>\n<hr \/>\n<p style=\"text-align: justify;\">Pour constater avec effarement l&#8217;\u00e9tendue du probl\u00e8me pos\u00e9 par ce lobby, voir aussi <a href=\"https:\/\/www.egaliteetreconciliation.fr\/Sarcelles-quand-le-croche-pied-devient-un-crime-contre-l-humanite-49567.html\" target=\"_blank\" rel=\"noopener\">cet article r\u00e9cent sur le croche-pied<\/a> \u00e9lev\u00e9 au rang de crime contre l&#8217;humanit\u00e9, ainsi que quelques m\u00e9saventures de l&#8217;administrateur de ce blog :<\/p>\n<ul>\n<li><a href=\"https:\/\/aitia.fr\/erd\/la-consecration\/\" target=\"_blank\" rel=\"noopener\">La cons\u00e9cration !<\/a><\/li>\n<li><a href=\"https:\/\/aitia.fr\/erd\/les-etranges-inventions-de-m-kalifat\/\" target=\"_blank\" rel=\"noopener\">Les \u00e9tranges inventions de M. Kalifat<\/a> (qui s&#8217;est fait \u00e9lire <a href=\"https:\/\/www.i24news.tv\/fr\/actu\/international\/europe\/114692-160527-france-francis-kalifat-nouveau-president-du-crif\" target=\"_blank\" rel=\"noopener\">en promettant d&#8217;interdire BDS<\/a>)<\/li>\n<li><a href=\"https:\/\/aitia.fr\/erd\/paroles-de-francois-prelude\/\" target=\"_blank\" rel=\"noopener\">Paroles de Fran\u00e7ois &#8211; pr\u00e9lude<\/a><\/li>\n<li><a href=\"https:\/\/aitia.fr\/erd\/la-consecration-suite\/\" target=\"_blank\" rel=\"noopener\">La cons\u00e9cration ! (suite)<\/a><\/li>\n<\/ul>\n<p style=\"text-align: justify;\">Je signale aux lecteurs qui cliqueraient sur le dernier lien que mon contact avec la police fran\u00e7aise s&#8217;est d\u00e9roul\u00e9 de la fa\u00e7on la plus agr\u00e9able qui soit, et je rends hommage ici aux fonctionnaires pas tr\u00e8s bien pay\u00e9s qui acceptent, avec une grande courtoisie et une grande patience, de traiter avec rigueur et professionnalisme des dossiers aussi \u00e9loign\u00e9s de leurs v\u00e9ritables pr\u00e9occupations que celui-ci.<\/p>\n<p style=\"text-align: justify;\">J&#8217;ai \u00e9galement \u00e9t\u00e9 t\u00e9moin de la bienveillance manifest\u00e9e par ces fonctionnaires envers une personne l\u00e9g\u00e8rement handicap\u00e9e, victime d&#8217;escrocs t\u00e9l\u00e9phoniques qui essayaient de lui soutirer de l&#8217;argent en se faisant passer pour les forces de l&#8217;ordre.<\/p>\n<p>C&#8217;\u00e9tait ma minute &#8220;les policiers sont sympa&#8221;.<\/p>\n","protected":false},"excerpt":{"rendered":"<p>(source : Assawra &#8211; \u0627\u0644\u062b\u0648\u0631\u0629 &#8211; Site du Mouvement D\u00e9mocratique Arabe) Le BNVCA demande aux Pr\u00e9fets des d\u00e9partements fran\u00e7ais du 92, 93 et 94 de, je cite, faire annuler l\u2019arr\u00eat\u00e9 ill\u00e9gal et abusif des Maires de Gennevilliers, Stains, Bondy, Vitry, qui veulent d\u00e9clarer unilat\u00e9ralement, la reconnaissance pr\u00e9matur\u00e9e d\u2019un \u00c9tat de Palestine. Excusez-moi&#8230; j&#8217;ai saut\u00e9 une [&hellip;]<\/p>\n","protected":false},"author":1,"featured_media":0,"comment_status":"open","ping_status":"open","sticky":false,"template":"","format":"standard","meta":[],"categories":[4,134],"tags":[125,508,912,162,417,20],"_links":{"self":[{"href":"https:\/\/aitia.fr\/erd\/wp-json\/wp\/v2\/posts\/10619"}],"collection":[{"href":"https:\/\/aitia.fr\/erd\/wp-json\/wp\/v2\/posts"}],"about":[{"href":"https:\/\/aitia.fr\/erd\/wp-json\/wp\/v2\/types\/post"}],"author":[{"embeddable":true,"href":"https:\/\/aitia.fr\/erd\/wp-json\/wp\/v2\/users\/1"}],"replies":[{"embeddable":true,"href":"https:\/\/aitia.fr\/erd\/wp-json\/wp\/v2\/comments?post=10619"}],"version-history":[{"count":11,"href":"https:\/\/aitia.fr\/erd\/wp-json\/wp\/v2\/posts\/10619\/revisions"}],"predecessor-version":[{"id":10632,"href":"https:\/\/aitia.fr\/erd\/wp-json\/wp\/v2\/posts\/10619\/revisions\/10632"}],"wp:attachment":[{"href":"https:\/\/aitia.fr\/erd\/wp-json\/wp\/v2\/media?parent=10619"}],"wp:term":[{"taxonomy":"category","embeddable":true,"href":"https:\/\/aitia.fr\/erd\/wp-json\/wp\/v2\/categories?post=10619"},{"taxonomy":"post_tag","embeddable":true,"href":"https:\/\/aitia.fr\/erd\/wp-json\/wp\/v2\/tags?post=10619"}],"curies":[{"name":"wp","href":"https:\/\/api.w.org\/{rel}","templated":true}]}}