{"id":10573,"date":"2018-01-27T16:47:24","date_gmt":"2018-01-27T15:47:24","guid":{"rendered":"https:\/\/aitia.fr\/erd\/?p=10573"},"modified":"2019-09-25T08:03:38","modified_gmt":"2019-09-25T06:03:38","slug":"american-holocaust-un-livre-injustement-meconnu-dans-la-francophonie","status":"publish","type":"post","link":"https:\/\/aitia.fr\/erd\/american-holocaust-un-livre-injustement-meconnu-dans-la-francophonie\/","title":{"rendered":"<i>American Holocaust<\/i> : <br>un livre injustement m\u00e9connu dans la francophonie"},"content":{"rendered":"<div id=\"attachment_10577\" style=\"width: 410px\" class=\"wp-caption alignleft\"><a href=\"https:\/\/www.aurhelio.it\/tag\/sand-creek\/\" target=\"_blank\" rel=\"noopener noreferrer\"><img aria-describedby=\"caption-attachment-10577\" decoding=\"async\" loading=\"lazy\" class=\"wp-image-10577\" src=\"https:\/\/aitia.fr\/erd\/wp-content\/uploads\/2018\/01\/Sand-Creek-1864-11-29.jpg\" alt=\"Massacre de Sand Creek, 29 novembre 1864\" width=\"400\" height=\"315\" srcset=\"https:\/\/aitia.fr\/erd\/wp-content\/uploads\/2018\/01\/Sand-Creek-1864-11-29.jpg 576w, https:\/\/aitia.fr\/erd\/wp-content\/uploads\/2018\/01\/Sand-Creek-1864-11-29-300x236.jpg 300w\" sizes=\"(max-width: 400px) 100vw, 400px\" \/><\/a><p id=\"caption-attachment-10577\" class=\"wp-caption-text\">Massacre de Sand Creek, 29 novembre 1864<\/p><\/div>\n<p style=\"text-align: justify;\">En cette <a href=\"https:\/\/fr.wikipedia.org\/wiki\/Journ%C3%A9e_internationale_d%C3%A9di%C3%A9e_%C3%A0_la_m%C3%A9moire_des_victimes_de_l%27Holocauste\" target=\"_blank\" rel=\"noopener noreferrer\">journ\u00e9e internationale d\u00e9di\u00e9e \u00e0 la m\u00e9moire des victimes de l\u2019Holocauste<\/a> &#8211; lequel ? ce n&#8217;est pas pr\u00e9cis\u00e9 &#8211; il est utile, voire n\u00e9cessaire, d&#8217;aller un peu au-del\u00e0 de la propagande officielle, d\u00e9sesp\u00e9r\u00e9ment sioniste donc nombrilo-centr\u00e9e, pour remettre en perspective le g\u00e9nocide nazi &#8211; dont il est question &#8211; dans l&#8217;histoire humaine, qui en compta d&#8217;autres, et pas des moindres.<\/p>\n<p style=\"text-align: justify;\">N&#8217;\u00e9tant ni historien ni en passe de le devenir, je me bornerai ici \u00e0 faire une petite traduction d&#8217;une fiche de lecture, <a href=\"https:\/\/web.archive.org\/web\/20190302034526\/http:\/\/www.2think.org:80\/ah.shtml\" target=\"_blank\" rel=\"noopener noreferrer\">initialement en anglais<\/a>, d&#8217;un livre \u00e9crit dans la m\u00eame langue par <a href=\"https:\/\/web.archive.org\/web\/20180407135945\/https:\/\/manoa.hawaii.edu:80\/amst\/people\/faculty\/david-e-stannard\/\" target=\"_blank\" rel=\"noopener noreferrer\">David Stannard<\/a>, professeur d&#8217;\u00e9tudes am\u00e9ricaines \u00e0 l&#8217;universit\u00e9 de Hawa\u00ef et auteur d&#8217;un tr\u00e8s remarqu\u00e9 <a href=\"https:\/\/www.kssarkaria.org\/Quotations%20Sources\/Stannard.pdf\" target=\"_blank\" rel=\"noopener noreferrer\"><em>American Holocaust<\/em><\/a> paru en 1992 chez Oxford University Press. Il y met en perspective l&#8217;ampleur de ce massacre \u00e0 l&#8217;\u00e9chelle d&#8217;un continent et de quatre si\u00e8cles et qui fit, d&#8217;apr\u00e8s ses recherches, de l&#8217;ordre de 100 millions de victimes humaines.<\/p>\n<p>Voici cette fiche de lecture, r\u00e9dig\u00e9e initialement en anglais par Guido G. B. Deimel :<\/p>\n<hr \/>\n<p style=\"text-align: justify;\"><em>Qui \u00e9tait Christophe Colomb ? Chaque \u00e9colier sait qu\u2019il a d\u00e9couvert l\u2019Am\u00e9rique. Mais en r\u00e9alit\u00e9 l\u2019Am\u00e9rique avait \u00e9t\u00e9 d\u00e9couverte par les \u00ab\u00a0Indiens\u00a0\u00bb d\u2019Am\u00e9rique des mill\u00e9naires auparavant. Qu\u2019auraient dit les Espagnols du seizi\u00e8me si\u00e8cle si des Indiens avaient accost\u00e9 sur leur rivage et avaient proclam\u00e9 avoir d\u00e9couvert l\u2019Europe ?<\/em><\/p>\n<p style=\"text-align: justify;\"><em>Qui sait que Colomb, avant sa carri\u00e8re de navigateur, avait pour profession marchand d\u2019esclaves et deviendrait un crois\u00e9 personnellement responsable du massacre d\u2019un demi-million d\u2019Indiens, et que c\u2019\u00e9tait d\u00e9j\u00e0 lui qui introduisit ces mesures g\u00e9n\u00e9ralement attribu\u00e9es \u00e0 d\u2019autres conquistadors plus tardifs, comme l\u2019esclavage des Indiens ou la chasse aux Indiens avec des chiens ?<\/em><\/p>\n<p><!--more--><\/p>\n<p style=\"text-align: justify;\"><em>Dans \u00ab\u00a0American Holocaust. Colombus and the Conquest of the New World\u00a0\u00bb (Oxford University Press, 1992), David E. Stannard ne dissipe pas seulement les mythes les plus courants, il indique au lecteur ce qui a \u00e9t\u00e9 perdu : l\u2019incroyable vari\u00e9t\u00e9 des cultures et les r\u00e9alisations impressionnantes que les premiers Am\u00e9ricains avaient d\u00e9velopp\u00e9es au cours des mill\u00e9naires. Combien savent que la plupart des Am\u00e9ricains autochtones vivaient dans des villes et des villages comme fermiers, bien avant l\u2019arriv\u00e9e de Colomb, et que la majorit\u00e9 des soci\u00e9t\u00e9s indig\u00e8nes en Am\u00e9rique du Nord \u00e9tait organis\u00e9e de fa\u00e7on d\u00e9mocratique, ceci comprenant le droit de vote des femmes, bien avant qu\u2019une telle id\u00e9e soit concevable par les Europ\u00e9ens ? Combien savent que &#8211; contrairement aux cit\u00e9s europ\u00e9ennes de l\u2019\u00e9poque &#8211; la magnifique capitale de la soci\u00e9t\u00e9 azt\u00e8que prenait son \u00ab\u00a0eau potable [\u2026] de sources [\u2026] conduites vers la cit\u00e9 par un \u00e9norme syst\u00e8me d\u2019aqueducs\u00a0\u00bb qui stup\u00e9fia les Espagnols (p. 5), comme ils furent stup\u00e9faits par la propret\u00e9 et l\u2019ordre de la cit\u00e9 : \u00ab\u00a0au moins 1000 travailleurs de la fonction publique \u00e9taient employ\u00e9s \u00e0 entretenir les rues de la ville et \u00e0 les maintenir propres\u00a0\u00bb (p. 5) ?<\/em><\/p>\n<p style=\"text-align: justify;\"><em><img decoding=\"async\" loading=\"lazy\" class=\"size-full wp-image-10596 alignright\" src=\"https:\/\/aitia.fr\/erd\/wp-content\/uploads\/2018\/01\/American-Holocaust-Stannard-cover-r.png\" alt=\"\" width=\"350\" height=\"527\" srcset=\"https:\/\/aitia.fr\/erd\/wp-content\/uploads\/2018\/01\/American-Holocaust-Stannard-cover-r.png 350w, https:\/\/aitia.fr\/erd\/wp-content\/uploads\/2018\/01\/American-Holocaust-Stannard-cover-r-199x300.png 199w\" sizes=\"(max-width: 350px) 100vw, 350px\" \/>Quand Christophe Colomb et une poign\u00e9e de navigateurs espagnols ont d\u00e9barqu\u00e9 aux Cara\u00efbes, cela fut le d\u00e9but de \u00ab\u00a0l\u2019acte de g\u00e9nocide le plus massif, et de loin, dans l\u2019histoire du monde\u00a0\u00bb (p. x) qui a co\u00fbt\u00e9 plus de cent millions de morts en cinq si\u00e8cles : \u00ab\u00a0Pour situer ceci dans une perspective contemporaine, le ratio des survivants parmi les am\u00e9ricains natifs \u00e0 la suite du contact avec les Europ\u00e9ens \u00e9tait plus faible que ne serait ce ratio aujourd\u2019hui aux \u00c9tats-Unis si chaque personne blanche et chaque personne noire mourait\u00a0\u00bb (p. x).<\/em><\/p>\n<p style=\"text-align: justify;\"><em>Combien savent que dans les missions espagnoles en Californie les autochtones \u00e9taient forc\u00e9s \u00e0 travailler comme esclaves, mouraient par milliers et que ces missions \u00e9taient \u00ab\u00a0des fours de la mort qui maintinrent leur population indienne aussi longtemps au m\u00eame niveau uniquement en y entra\u00eenant de plus en plus d\u2019indig\u00e8nes\u00a0\u00bb (p.137) ?<\/em><\/p>\n<p style=\"text-align: justify;\"><em>Le but principal de Stannard, cependant, est de trouver une r\u00e9ponse aux questions suivantes : quels sont les traditions et pr\u00e9ceptes culturels et religieux europ\u00e9ens qui ont produit ce carnage, et pourquoi ils furent aussi mortels aux cultures am\u00e9ricaines d\u2019origine. Ses d\u00e9couvertes de pr\u00e9curseurs th\u00e9ologiques des id\u00e9es racistes &#8211; comme la discussion de l\u2019Espagnol <a href=\"https:\/\/fr.wikipedia.org\/wiki\/Juan_Gin%C3%A9s_de_Sep%C3%BAlveda\" target=\"_blank\" rel=\"noopener noreferrer\">Sep\u00falveda<\/a> sur la nature humaine ou non des autochtones, ou l\u2019id\u00e9e largement r\u00e9pandue que le Nouveau Monde avait \u00e9t\u00e9 donn\u00e9 aux chr\u00e9tiens exactement comme Canaan avait \u00e9t\u00e9 donn\u00e9 aux Juifs &#8211; sont tr\u00e8s perspicaces et stimulantes pour la r\u00e9flexion et pour certains lecteurs, certainement provocantes.<\/em><\/p>\n<p style=\"text-align: justify;\"><em>Lire les atrocit\u00e9s aussi affreuses qu\u2019effroyables commises \u00e0 l\u2019encontre des premiers Am\u00e9ricains m\u2019a parfois mis en col\u00e8re, parfois rendu tr\u00e8s triste, cependant Stannard \u00e9crit toujours d\u2019une fa\u00e7on calme et juste, et &#8211; au contraire de bien des travaux \u00e9rudits &#8211; son livre m\u2019a captiv\u00e9 de la premi\u00e8re \u00e0 la derni\u00e8re page.<\/em><\/p>\n<hr \/>\n<p style=\"text-align: justify;\">Un holocauste aujourd&#8217;hui non pas oubli\u00e9, mais justifi\u00e9 par une propagande toujours vivace, ayant aussi bien utilis\u00e9 les <em>westerns<\/em> (pour les grands) ou les productions de Walt Disney (pour les petits) afin de bien faire entrer dans les cerveaux ramollis au pop-corn (d\u00e9sormais transg\u00e9nique) que les m\u00e9chants, c&#8217;\u00e9taient forc\u00e9ment les Indiens. Malheureusement, cette propagande semble encore avoir quelque prise sur des universitaires qui, \u00e0 force de couper les cheveux en quatre<span id='easy-footnote-1-10573' class='easy-footnote-margin-adjust'><\/span><span class='easy-footnote'><a href='https:\/\/aitia.fr\/erd\/american-holocaust-un-livre-injustement-meconnu-dans-la-francophonie\/#easy-footnote-bottom-1-10573' title='Je vous \u00e9pargne les pratiques sexuelles d\u00e9viantes sur les dipt\u00e8res&amp;#8230;'><sup>1<\/sup><\/a><\/span>, <a href=\"https:\/\/journals.openedition.org\/amnis\/908\" target=\"_blank\" rel=\"noopener noreferrer\">justifient encore<\/a> que soit &#8220;r\u00e9trograd\u00e9e&#8221; cette horreur dans l&#8217;\u00e9chelle <del>de Jacob<\/del> de Richter des atrocit\u00e9s humaines commises en bande organis\u00e9e.<\/p>\n<p style=\"text-align: justify;\">Le soutien jusqu&#8217;ici sans faille des \u00c9tats-Unis \u00e0 Isra\u00ebl n&#8217;est donc sans doute pas plus un hasard que n&#8217;a \u00e9t\u00e9 celui d&#8217;IBM, de Ford ou de la banque Rockefeller <a href=\"https:\/\/reseauinternational.net\/qui-a-finance-hitler-la-liberte-en-echange-du-silence-des-noms-et-des-faits\/\" target=\"_blank\" rel=\"noopener noreferrer\">au r\u00e9gime nazi<\/a> : n\u00e9es toutes deux de la n\u00e9gation des droits d&#8217;autres peuples \u00e0 vivre sur leur territoire et m\u00eame \u00e0 <a href=\"https:\/\/www.alterinfo.net\/C-etait-bien-Ben-Gourion-MESSAGE-DE-MICHEL-COLLON_a26726.html\" target=\"_blank\" rel=\"noopener noreferrer\">persister dans la m\u00e9moire collective<\/a>, les nations am\u00e9ricaine et isra\u00e9lienne partagent en d\u00e9finitive la m\u00eame vision supr\u00e9maciste du monde &#8211; comme du reste, dans les ann\u00e9es 1930, les sionistes et les nazis qui <a href=\"https:\/\/aitia.fr\/erd\/israel-seul-etat-terroriste-du-moyen-orient\/\" target=\"_blank\" rel=\"noopener noreferrer\">collaboraient activement<\/a> \u00e0 la mise en place d&#8217;un \u00c9tat juif en Palestine.<\/p>\n<p style=\"text-align: justify;\">Mais, s&#8217;il est de notori\u00e9t\u00e9 publique que certains juifs (am\u00e9ricains, isra\u00e9liens ou les deux&#8230;) <a href=\"https:\/\/aitia.fr\/erd\/qui-a-dit-n-8\/\" target=\"_blank\" rel=\"noopener noreferrer\">se vantent<\/a> de mener les \u00c9tats-Unis par le bout du nez via leurs institutions et media, les &#8220;associ\u00e9s&#8221; des deux c\u00f4t\u00e9s devraient se m\u00e9fier : m\u00eame si un faisceau d&#8217;indices de plus en plus concordants pointe avec insistance les r\u00e9seaux n\u00e9o-conservateurs dans l&#8217;organisation de l&#8217;attentat terroriste majeur qui fit d\u00e9coller le <a href=\"https:\/\/fr.wikipedia.org\/wiki\/Project_for_the_New_American_Century\" target=\"_blank\" rel=\"noopener noreferrer\">projet pour un nouveau si\u00e8cle am\u00e9ricain<\/a>, certains ne devraient pas oublier que la motivation th\u00e9ologique principale du sionisme chr\u00e9tien tr\u00e8s influent aux USA reste&#8230; <a href=\"https:\/\/www.voltairenet.org\/article184968.html\" target=\"_blank\" rel=\"noopener noreferrer\">la disparition des juifs<\/a><span id='easy-footnote-2-10573' class='easy-footnote-margin-adjust'><\/span><span class='easy-footnote'><a href='https:\/\/aitia.fr\/erd\/american-holocaust-un-livre-injustement-meconnu-dans-la-francophonie\/#easy-footnote-bottom-2-10573' title='Pas la disparition physique, mais la disparition par conversion en masse au christianisme. Ce qui du reste \u00e9tait une id\u00e9e initiale de Theodor Herzl, avant la cr\u00e9ation d&amp;#8217;un &lt;a href=&quot;https:\/\/fr.wikipedia.org\/wiki\/Der_Judenstaat&quot; target=&quot;_blank&quot; rel=&quot;noopener noreferrer&quot;&gt;&lt;em&gt;Judenstaat&lt;\/em&gt;&lt;\/a&gt;&amp;#8230;'><sup>2<\/sup><\/a><\/span>.<\/p>\n<p style=\"text-align: justify;\">Et personne ne devrait oublier que tout groupe humain m\u00fb par une id\u00e9ologie le pla\u00e7ant au-dessus des autres, donc l&#8217;exon\u00e9rant de ses devoirs de justice, finit t\u00f4t ou tard par r\u00e9colter l&#8217;hostilit\u00e9 m\u00e9rit\u00e9e du reste de l&#8217;humanit\u00e9. C&#8217;\u00e9tait vrai pour les nazis, ce le sera pour tous leurs cousins id\u00e9ologiques. Et d&#8217;autant plus rapidement qu&#8217;ils pr\u00e9tendent donner des le\u00e7ons de vertu au reste du monde.<\/p>\n<p style=\"text-align: justify;\">Pour finir, et parce que <a href=\"https:\/\/shop.dieudosphere.com\/livres\/254-dieudonne-medecin-malgre-lui.html\" target=\"_blank\" rel=\"noopener noreferrer\">le rire est le meilleur rem\u00e8de<\/a> \u00e0 la haine ou \u00e0 la d\u00e9pression qui peut na\u00eetre de la contemplation des injustices, laissons parler la sagesse de l&#8217;artiste, pour qui l&#8217;humanit\u00e9 n&#8217;est qu&#8217;une, et qui porte une partie de sa diversit\u00e9 dans sa chair :<\/p>\n<p>&nbsp;<\/p>\n<p style=\"text-align: center;\"><iframe loading=\"lazy\" src=\"https:\/\/www.youtube.com\/embed\/hBi71i7zQ08\" width=\"640\" height=\"360\" frameborder=\"0\" allowfullscreen=\"allowfullscreen\"><\/iframe><\/p>\n<p>&nbsp;<\/p>\n\n<style type=\"text\/css\">\n<!--\n\n.prisna-gwt-align-left {\n\ttext-align: left !important;\n}\n.prisna-gwt-align-right {\n\ttext-align: right !important;\n}\n\n\n.prisna-gwt-flags-container {\n\tlist-style: none !important;\n\tmargin: 0 !important;\n\tpadding: 0 !important;\n\tborder: none !important;\n\tclear: both !important;\n}\n.prisna-gwt-flag-container {\n\tlist-style: none !important;\n\tdisplay: inline-block;\n\tmargin: 0 2px 0 0 !important;\n\tpadding: 0 !important;\n\tborder: none !important;\n}\n.prisna-gwt-flag-container a {\n\tdisplay: inline-block;\n\tmargin: 0 !important;\n\tpadding: 0 !important;\n\tborder: none !important;\n\tbackground-repeat: no-repeat !important;\n\tbackground-image: url(https:\/\/aitia.fr\/erd\/wp-content\/plugins\/google-website-translator\/images\/all.png) !important;\n\twidth: 22px !important;\n\theight: 16px !important;\n}\n.prisna-gwt-language-en a { background-position: 0px 0px !important; }\n.prisna-gwt-language-ar a { background-position: -44px -32px !important; }\n.prisna-gwt-language-eu a { background-position: -110px -32px !important; }\n.prisna-gwt-language-bg a { background-position: -198px -32px !important; }\n.prisna-gwt-language-ca a { background-position: 0px -48px !important; }\n.prisna-gwt-language-zh-CN a { background-position: -132px 0px !important; }\n.prisna-gwt-language-zh-TW a { background-position: -154px 0px !important; }\n.prisna-gwt-language-cs a { background-position: -88px -48px !important; }\n.prisna-gwt-language-da a { background-position: -110px -16px !important; }\n.prisna-gwt-language-nl a { background-position: -44px 0px !important; }\n.prisna-gwt-language-fr a { background-position: -22px 0px !important; }\n.prisna-gwt-language-de a { background-position: -88px 0px !important; }\n.prisna-gwt-language-el a { background-position: -66px 0px !important; }\n.prisna-gwt-language-ga a { background-position: -110px -64px !important; }\n.prisna-gwt-language-it a { background-position: -176px -16px !important; }\n.prisna-gwt-language-ja a { background-position: -198px -16px !important; }\n.prisna-gwt-language-km a { background-position: -154px -64px !important; }\n.prisna-gwt-language-ko a { background-position: -176px -64px !important; }\n.prisna-gwt-language-ms a { background-position: -88px -80px !important; }\n.prisna-gwt-language-no a { background-position: -88px -16px !important; }\n.prisna-gwt-language-fa a { background-position: 0px -96px !important; }\n.prisna-gwt-language-pl a { background-position: -176px 0px !important; }\n.prisna-gwt-language-pt a { background-position: -198px 0px !important; }\n.prisna-gwt-language-pa a { background-position: -22px -16px !important; }\n.prisna-gwt-language-ro a { background-position: -44px -16px !important; }\n.prisna-gwt-language-ru a { background-position: -66px -16px !important; }\n.prisna-gwt-language-sr a { background-position: -22px -96px !important; }\n.prisna-gwt-language-es a { background-position: -110px 0px !important; }\n.prisna-gwt-language-th a { background-position: 0px -16px !important; }\n.prisna-gwt-language-tr a { background-position: -154px -96px !important; }\n.prisna-gwt-language-uk a { background-position: -176px -96px !important; }\n.prisna-gwt-language-vi a { background-position: -22px -64px !important; }\n\n\n#goog-gt-tt,\n.goog-tooltip,\n.goog-tooltip:hover {\n\tdisplay: none !important;\n}\n.goog-text-highlight {\n\tbackground-color: transparent !important;\n\tborder: none !important;\n\tbox-shadow: none !important;\n}\n.translated-rtl font,\n.translated-ltr font {\n\tbackground-color: transparent !important;\n\tbox-shadow: none !important;\n\tbox-sizing: border-box !important;\n\t-webkit-box-sizing: border-box !important;\n\t-moz-box-sizing: border-box !important;\n}\n\n-->\n<\/style>\n\n\n\n<script type=\"text\/javascript\">\n\/*<![CDATA[*\/\nvar PrisnaGWT = {\n\n\t_fire_event: function(_element, _event) {\n\t\t\n\t\ttry {\n\t\t\tif (document.createEvent) {\n\t\t\t\tvar ev = document.createEvent(\"HTMLEvents\");\n\t\t\t\tev.initEvent(_event, true, true);\n\t\t\t\t_element.dispatchEvent(ev);\n\t\t\t} \n\t\t\telse {\n\t\t\t\tvar ev = document.createEventObject();\n\t\t\t\t_element.fireEvent(\"on\" + _event, ev);\n\t\t\t}\n\t\t} \n\t\tcatch (e) {\n\t\t\tconsole.log(\"Prisna GWT: Browser not supported!\");\n\t\t}\n\t\t\n\t},\n\n\t_restore: function() {\n\n\t\tvar b, d = false;\n\t\tvar c =  document.getElementById(\"\\:1\\.container\");\n\t\tif (c)\n\t\t\td = c.contentWindow.document.getElementById(\"\\:1\\.restore\");\n\t\t\n\t\tif (d)\n\t\t\tthis._fire_event(d, \"click\");\n\n\t},\n\t\n\ttranslate: function(_language) {\n\t\n\t\tvar element;\n\t\tvar combos = document.getElementsByTagName(\"select\"); \/\/ IE8 doesn't support getElementsByClassName\n\t\t\n\t\tfor (var i=0; i<combos.length; i++)\n\t\t\tif (combos[i].className == \"goog-te-combo\")\n\t\t\t\telement = combos[i];\n\t\t\n\t\tif (!element)\n\t\t\treturn;\n\t\t\n\t\tif (_language == \"fr\")\n\t\t\tthis._restore();\n\t\telse {\n\t\t\telement.value = _language;\n\t\t\tthis._fire_event(element, \"change\");\n\t\t}\n\n\t}\n\t\n};\n\/*]]>*\/\n<\/script>\n<ul class=\"prisna-gwt-flags-container prisna-gwt-align-right notranslate\">\n\t<li class=\"prisna-gwt-flag-container prisna-gwt-language-ar\">\n\t<a href=\"javascript:;\" onclick=\"PrisnaGWT.translate('ar'); return false;\" title=\"Arabic\"><\/a>\n<\/li><li class=\"prisna-gwt-flag-container prisna-gwt-language-zh-CN\">\n\t<a href=\"javascript:;\" onclick=\"PrisnaGWT.translate('zh-CN'); return false;\" title=\"Chinese Simplified\"><\/a>\n<\/li><li class=\"prisna-gwt-flag-container prisna-gwt-language-zh-TW\">\n\t<a href=\"javascript:;\" onclick=\"PrisnaGWT.translate('zh-TW'); return false;\" title=\"Chinese Traditional\"><\/a>\n<\/li><li class=\"prisna-gwt-flag-container prisna-gwt-language-nl\">\n\t<a href=\"javascript:;\" onclick=\"PrisnaGWT.translate('nl'); return false;\" title=\"Dutch\"><\/a>\n<\/li><li class=\"prisna-gwt-flag-container prisna-gwt-language-en\">\n\t<a href=\"javascript:;\" onclick=\"PrisnaGWT.translate('en'); return false;\" title=\"English\"><\/a>\n<\/li><li class=\"prisna-gwt-flag-container prisna-gwt-language-fr\">\n\t<a href=\"javascript:;\" onclick=\"PrisnaGWT.translate('fr'); return false;\" title=\"French\"><\/a>\n<\/li><li class=\"prisna-gwt-flag-container prisna-gwt-language-de\">\n\t<a href=\"javascript:;\" onclick=\"PrisnaGWT.translate('de'); return false;\" title=\"German\"><\/a>\n<\/li><li class=\"prisna-gwt-flag-container prisna-gwt-language-el\">\n\t<a href=\"javascript:;\" onclick=\"PrisnaGWT.translate('el'); return false;\" title=\"Greek\"><\/a>\n<\/li><li class=\"prisna-gwt-flag-container prisna-gwt-language-it\">\n\t<a href=\"javascript:;\" onclick=\"PrisnaGWT.translate('it'); return false;\" title=\"Italian\"><\/a>\n<\/li><li class=\"prisna-gwt-flag-container prisna-gwt-language-ja\">\n\t<a href=\"javascript:;\" onclick=\"PrisnaGWT.translate('ja'); return false;\" title=\"Japanese\"><\/a>\n<\/li><li class=\"prisna-gwt-flag-container prisna-gwt-language-ms\">\n\t<a href=\"javascript:;\" onclick=\"PrisnaGWT.translate('ms'); return false;\" title=\"Malay\"><\/a>\n<\/li><li class=\"prisna-gwt-flag-container prisna-gwt-language-fa\">\n\t<a href=\"javascript:;\" onclick=\"PrisnaGWT.translate('fa'); return false;\" title=\"Persian\"><\/a>\n<\/li><li class=\"prisna-gwt-flag-container prisna-gwt-language-pt\">\n\t<a href=\"javascript:;\" onclick=\"PrisnaGWT.translate('pt'); return false;\" title=\"Portuguese\"><\/a>\n<\/li><li class=\"prisna-gwt-flag-container prisna-gwt-language-ro\">\n\t<a href=\"javascript:;\" onclick=\"PrisnaGWT.translate('ro'); return false;\" title=\"Romanian\"><\/a>\n<\/li><li class=\"prisna-gwt-flag-container prisna-gwt-language-ru\">\n\t<a href=\"javascript:;\" onclick=\"PrisnaGWT.translate('ru'); return false;\" title=\"Russian\"><\/a>\n<\/li><li class=\"prisna-gwt-flag-container prisna-gwt-language-es\">\n\t<a href=\"javascript:;\" onclick=\"PrisnaGWT.translate('es'); return false;\" title=\"Spanish\"><\/a>\n<\/li><li class=\"prisna-gwt-flag-container prisna-gwt-language-uk\">\n\t<a href=\"javascript:;\" onclick=\"PrisnaGWT.translate('uk'); return false;\" title=\"Ukrainian\"><\/a>\n<\/li><li class=\"prisna-gwt-flag-container prisna-gwt-language-vi\">\n\t<a href=\"javascript:;\" onclick=\"PrisnaGWT.translate('vi'); return false;\" title=\"Vietnamese\"><\/a>\n<\/li><li class=\"prisna-gwt-flag-container prisna-gwt-language-cs\">\n\t<a href=\"javascript:;\" onclick=\"PrisnaGWT.translate('cs'); return false;\" title=\"Czech\"><\/a>\n<\/li><li class=\"prisna-gwt-flag-container prisna-gwt-language-eu\">\n\t<a href=\"javascript:;\" onclick=\"PrisnaGWT.translate('eu'); return false;\" title=\"Basque\"><\/a>\n<\/li><li class=\"prisna-gwt-flag-container prisna-gwt-language-bg\">\n\t<a href=\"javascript:;\" onclick=\"PrisnaGWT.translate('bg'); return false;\" title=\"Bulgarian\"><\/a>\n<\/li><li class=\"prisna-gwt-flag-container prisna-gwt-language-ca\">\n\t<a href=\"javascript:;\" onclick=\"PrisnaGWT.translate('ca'); return false;\" title=\"Catalan\"><\/a>\n<\/li><li class=\"prisna-gwt-flag-container prisna-gwt-language-da\">\n\t<a href=\"javascript:;\" onclick=\"PrisnaGWT.translate('da'); return false;\" title=\"Danish\"><\/a>\n<\/li><li class=\"prisna-gwt-flag-container prisna-gwt-language-ga\">\n\t<a href=\"javascript:;\" onclick=\"PrisnaGWT.translate('ga'); return false;\" title=\"Irish\"><\/a>\n<\/li><li class=\"prisna-gwt-flag-container prisna-gwt-language-ko\">\n\t<a href=\"javascript:;\" onclick=\"PrisnaGWT.translate('ko'); return false;\" title=\"Korean\"><\/a>\n<\/li><li class=\"prisna-gwt-flag-container prisna-gwt-language-km\">\n\t<a href=\"javascript:;\" onclick=\"PrisnaGWT.translate('km'); return false;\" title=\"Khmer\"><\/a>\n<\/li><li class=\"prisna-gwt-flag-container prisna-gwt-language-no\">\n\t<a href=\"javascript:;\" onclick=\"PrisnaGWT.translate('no'); return false;\" title=\"Norwegian\"><\/a>\n<\/li><li class=\"prisna-gwt-flag-container prisna-gwt-language-pl\">\n\t<a href=\"javascript:;\" onclick=\"PrisnaGWT.translate('pl'); return false;\" title=\"Polish\"><\/a>\n<\/li><li class=\"prisna-gwt-flag-container prisna-gwt-language-pa\">\n\t<a href=\"javascript:;\" onclick=\"PrisnaGWT.translate('pa'); return false;\" title=\"Punjabi\"><\/a>\n<\/li><li class=\"prisna-gwt-flag-container prisna-gwt-language-sr\">\n\t<a href=\"javascript:;\" onclick=\"PrisnaGWT.translate('sr'); return false;\" title=\"Serbian\"><\/a>\n<\/li><li class=\"prisna-gwt-flag-container prisna-gwt-language-th\">\n\t<a href=\"javascript:;\" onclick=\"PrisnaGWT.translate('th'); return false;\" title=\"Thai\"><\/a>\n<\/li><li class=\"prisna-gwt-flag-container prisna-gwt-language-tr\">\n\t<a href=\"javascript:;\" onclick=\"PrisnaGWT.translate('tr'); return false;\" title=\"Turkish\"><\/a>\n<\/li>\n<\/ul>\n\n<div id=\"google_translate_element\" class=\"prisna-gwt-align-right\"><\/div>\n<script type=\"text\/javascript\">\n\/*<![CDATA[*\/\nfunction initializeGoogleTranslateElement() {\n\tnew google.translate.TranslateElement({\n\t\tpageLanguage: \"fr\",\n\t\tautoDisplay: false,\n\t\tincludedLanguages: \"ar,eu,bg,ca,zh-CN,zh-TW,cs,da,nl,en,fr,de,el,ga,it,ja,km,ko,ms,no,fa,pl,pt,pa,ro,ru,sr,es,th,tr,uk,vi\"\n\t}, \"google_translate_element\");\n}\n\/*]]>*\/\n<\/script>\n<script type=\"text\/javascript\" src=\"\/\/translate.google.com\/translate_a\/element.js?cb=initializeGoogleTranslateElement\"><\/script>\n","protected":false},"excerpt":{"rendered":"<p>En cette journ\u00e9e internationale d\u00e9di\u00e9e \u00e0 la m\u00e9moire des victimes de l\u2019Holocauste &#8211; lequel ? ce n&#8217;est pas pr\u00e9cis\u00e9 &#8211; il est utile, voire n\u00e9cessaire, d&#8217;aller un peu au-del\u00e0 de la propagande officielle, d\u00e9sesp\u00e9r\u00e9ment sioniste donc nombrilo-centr\u00e9e, pour remettre en perspective le g\u00e9nocide nazi &#8211; dont il est question &#8211; dans l&#8217;histoire humaine, qui en [&hellip;]<\/p>\n","protected":false},"author":1,"featured_media":0,"comment_status":"open","ping_status":"open","sticky":false,"template":"","format":"standard","meta":[],"categories":[4,9,29],"tags":[905,910,907,906,909,138,911,904,903,908],"_links":{"self":[{"href":"https:\/\/aitia.fr\/erd\/wp-json\/wp\/v2\/posts\/10573"}],"collection":[{"href":"https:\/\/aitia.fr\/erd\/wp-json\/wp\/v2\/posts"}],"about":[{"href":"https:\/\/aitia.fr\/erd\/wp-json\/wp\/v2\/types\/post"}],"author":[{"embeddable":true,"href":"https:\/\/aitia.fr\/erd\/wp-json\/wp\/v2\/users\/1"}],"replies":[{"embeddable":true,"href":"https:\/\/aitia.fr\/erd\/wp-json\/wp\/v2\/comments?post=10573"}],"version-history":[{"count":42,"href":"https:\/\/aitia.fr\/erd\/wp-json\/wp\/v2\/posts\/10573\/revisions"}],"predecessor-version":[{"id":13633,"href":"https:\/\/aitia.fr\/erd\/wp-json\/wp\/v2\/posts\/10573\/revisions\/13633"}],"wp:attachment":[{"href":"https:\/\/aitia.fr\/erd\/wp-json\/wp\/v2\/media?parent=10573"}],"wp:term":[{"taxonomy":"category","embeddable":true,"href":"https:\/\/aitia.fr\/erd\/wp-json\/wp\/v2\/categories?post=10573"},{"taxonomy":"post_tag","embeddable":true,"href":"https:\/\/aitia.fr\/erd\/wp-json\/wp\/v2\/tags?post=10573"}],"curies":[{"name":"wp","href":"https:\/\/api.w.org\/{rel}","templated":true}]}}