{"id":10538,"date":"2018-01-25T12:30:19","date_gmt":"2018-01-25T11:30:19","guid":{"rendered":"https:\/\/aitia.fr\/erd\/?p=10538"},"modified":"2018-01-25T10:41:07","modified_gmt":"2018-01-25T09:41:07","slug":"vaccins-appel-a-la-raison","status":"publish","type":"post","link":"https:\/\/aitia.fr\/erd\/vaccins-appel-a-la-raison\/","title":{"rendered":"Vaccins : appel \u00e0 la raison"},"content":{"rendered":"<p style=\"text-align: justify;\"><img decoding=\"async\" loading=\"lazy\" class=\"alignleft wp-image-10539\" src=\"https:\/\/aitia.fr\/erd\/wp-content\/uploads\/2018\/01\/Montagnier_Joyeux.png\" alt=\"\" width=\"408\" height=\"217\" srcset=\"https:\/\/aitia.fr\/erd\/wp-content\/uploads\/2018\/01\/Montagnier_Joyeux.png 688w, https:\/\/aitia.fr\/erd\/wp-content\/uploads\/2018\/01\/Montagnier_Joyeux-300x160.png 300w, https:\/\/aitia.fr\/erd\/wp-content\/uploads\/2018\/01\/Montagnier_Joyeux-600x319.png 600w\" sizes=\"(max-width: 408px) 100vw, 408px\" \/>[<em>Note de l&#8217;administrateur de ce blog : je relaie ici l&#8217;appel \u00e0 la raison lanc\u00e9 r\u00e9cemment par les professeurs Joyeux et Montagnier au sujet de la politique vaccinale actuelle. Le Pr. Joyeux a un gros d\u00e9faut (pour l&#8217;industrie pharmaceutique) : il s&#8217;exprime toujours sur la base de travaux scientifiques s\u00e9rieux et r\u00e9f\u00e9renc\u00e9s, n&#8217;invente pas des savoirs ni des ignorances. <\/em><\/p>\n<p style=\"text-align: justify;\"><em>Heureusement, on trouve des m\u00e9decins aussi rigoureux que lui (j&#8217;en ai rencontr\u00e9), qui ont fait autre chose que bachoter pendant leurs \u00e9tudes et ont gard\u00e9 une aptitude \u00e0 se documenter et \u00e0 r\u00e9fl\u00e9chir par eux-m\u00eames. Des m\u00e9decins qui savent que, si la m\u00e9decine n&#8217;est pas tout \u00e0 fait une science, elle a quand m\u00eame quelques pr\u00e9tentions \u00e0 utiliser ses m\u00e9thodes et \u00e0 en tirer une forme d&#8217;autorit\u00e9, qui logiquement s&#8217;\u00e9croule quand elle vire au dogme scientiste. Inutile d&#8217;esp\u00e9rer la confiance des patients quand on n&#8217;est pas capable d&#8217;argumenter clairement sur des faits bien \u00e9tablis.<br \/>\n<\/em><\/p>\n<p style=\"text-align: justify;\"><em>Malheureusement, on trouve \u00e9galement des m\u00e9decins incapables de faire fonctionner autrement qu&#8217;en pilote automatique la masse g\u00e9latineuse qui se trouve entre leurs deux oreilles (j&#8217;en ai rencontr\u00e9) et qui ne savent que d\u00e9biter la propagande m\u00e9diatique vaccinale ou parler de sa <a href=\"https:\/\/professeur-joyeux.com\/2016\/08\/23\/a-propos-de-ma-radiation-de-lordre-des-medecins-une-extreme-gravite\/\" target=\"_blank\" rel=\"noopener\">radiation par le Conseil de l&#8217;Ordre<\/a> d\u00e8s que l&#8217;on parle du Pr. Joyeux. J&#8217;ai ainsi pu entendre :<\/em><\/p>\n<ul>\n<li style=\"text-align: justify;\"><em>un p\u00e9diatre m&#8217;expliquer, tout en se disant \u00e9nerv\u00e9 par les propos du Pr. Joyeux et croyant sans doute m&#8217;apprendre quelque chose, que les adjuvants \u00e0 l&#8217;aluminium (dont la toxicit\u00e9 est aujourd&#8217;hui d\u00e9montr\u00e9e, voir le texte de l&#8217;appel <\/em><span id='easy-footnote-1-10538' class='easy-footnote-margin-adjust'><\/span><span class='easy-footnote'><a href='https:\/\/aitia.fr\/erd\/vaccins-appel-a-la-raison\/#easy-footnote-bottom-1-10538' title='Le livre &lt;a href=&quot;https:\/\/www.pourquoi-vacciner.fr\/accueil.php&quot; target=&quot;_blank&quot; rel=&quot;noopener&quot;&gt;&lt;em&gt;&amp;#8220;Pourquoi vacciner&amp;#8221;&lt;\/em&gt;&lt;\/a&gt; (2016) du polytechnicien (non m\u00e9decin) et docteur en neurosciences Pierre-Jean Arduin r\u00e9sume tr\u00e8s bien les connaissances actuelles sur l&amp;#8217;aluminium vaccinal en ces termes : &lt;em&gt;&amp;#8220;Le corps humain ne comporte pas naturellement d&amp;#8217;aluminium. Ce m\u00e9tal perturbe certains m\u00e9canismes biologiques et immunitaires et peut engendrer des d\u00e9g\u00e2ts, le plus souvent chroniques, en particulier dans le cerveau. On a pu corr\u00e9ler la quantit\u00e9 d&amp;#8217;aluminium pr\u00e9sente dans le corps avec certaines maladies neurologiques comme la scl\u00e9rose en plaques. C&amp;#8217;est le produit le plus commun\u00e9ment utilis\u00e9 dans les vaccins pour stimuler les d\u00e9fenses immunitaires et am\u00e9liorer les effets d&amp;#8217;une dose. Ses d\u00e9fenseurs justifient son utilisation par son efficacit\u00e9, l&amp;#8217;impossibilit\u00e9 de le remplacer &lt;\/em&gt;[Quid du &lt;a href=&quot;https:\/\/fr.wikipedia.org\/wiki\/Primum_non_nocere&quot; target=&quot;_blank&quot; rel=&quot;noopener&quot;&gt;&lt;em&gt;primum non nocere&lt;\/em&gt;&lt;\/a&gt;, NDLR ?]&lt;em&gt;, et l&amp;#8217;absence d&amp;#8217;effets ind\u00e9sirables aux faibles doses utilis\u00e9es. Pourtant, son utilisation vaccinale r\u00e9sulte plus d&amp;#8217;un choix \u00e9conomique, alors qu&amp;#8217;elle est clairement associ\u00e9e \u00e0 des effets secondaires, dont certains tr\u00e8s g\u00eanants comme le &lt;a href=&quot;https:\/\/dictionnaire.doctissimo.fr\/definition-prurigo-nodulaire.htm&quot; target=&quot;_blank&quot; rel=&quot;noopener&quot;&gt;prurigo nodulaire&lt;\/a&gt; dont il augmente le risque. Une injection peut m\u00eame d\u00e9clencher, quoique rarement, la &lt;a href=&quot;https:\/\/fr.wikipedia.org\/wiki\/Myofasciite_%C3%A0_macrophages&quot; target=&quot;_blank&quot; rel=&quot;noopener&quot;&gt;myofasciite \u00e0 macrophage&lt;\/a&gt;, maladie neurologique et physique proprement vaccinale et tr\u00e8s handicapante. D&amp;#8217;autres syndromes similaires sont suspect\u00e9s d&amp;#8217;\u00eatre cons\u00e9cutifs \u00e0 l&amp;#8217;exposition massive \u00e0 l&amp;#8217;adjuvant vaccinal, comme le &lt;a href=&quot;https:\/\/fr.wikipedia.org\/wiki\/Syndrome_de_la_guerre_du_Golfe&quot; target=&quot;_blank&quot; rel=&quot;noopener&quot;&gt;syndrome de la guerre du Golfe&lt;\/a&gt;. Pourtant, la plupart des institutions publiques fran\u00e7aises continuent de pl\u00e9bisciter cet adjuvant qu&amp;#8217;ils consid\u00e8rent indispensable et s\u00fbr.&lt;\/em&gt;&amp;#8221; '><sup>1<\/sup><\/a><\/span><em>) \u00e9taient &#8220;utilis\u00e9s pour stimuler la r\u00e9ponse immunitaire et pas autre chose&#8221; (non sans blague ! j&#8217;\u00e9tais persuad\u00e9 que c&#8217;\u00e9tait un complot des <a href=\"https:\/\/fr.wikipedia.org\/wiki\/Reptile_humano%C3%AFde\" target=\"_blank\" rel=\"noopener\">Reptiliens<\/a> ! merci docteur, combien je vous dois ?)<\/em><\/li>\n<\/ul>\n<ul>\n<li style=\"text-align: justify;\"><em>une p\u00e9diatre \u00e9ructer, toute rouge, \u00e0 l&#8217;\u00e9vocation de l&#8217;information sur les vaccins diffus\u00e9e par le Pr. Joyeux, que c&#8217;\u00e9tait un &#8220;charlatan radi\u00e9 du conseil de l&#8217;ordre&#8221; et qu&#8217;il n&#8217;\u00e9tait &#8220;pas progressiste&#8221; ! <\/em><\/li>\n<\/ul>\n<p style=\"text-align: justify;\"><em>Inutile de dire que je ne confierai jamais \u00e0 l&#8217;avenir mes enfants ni \u00e0 ce cr\u00e9tin de luxe ni \u00e0 cette sombre connasse.<\/em>]<\/p>\n<hr \/>\n<h1 style=\"text-align: center;\">11 vaccins\u00a0: Appel urgent aux personnels<\/h1>\n<h1 style=\"text-align: center;\">et professionnels de sant\u00e9<\/h1>\n<h4><\/h4>\n<p>&nbsp;<\/p>\n<h3>Chers coll\u00e8gues, ch\u00e8res cons\u0153urs, chers confr\u00e8res,<\/h3>\n<p>&nbsp;<\/p>\n<h2>La nouvelle loi, une erreur grave de sant\u00e9 publique<\/h2>\n<p style=\"text-align: justify;\">La nouvelle loi qui impose 11 vaccinations aux enfants est une grave erreur de sant\u00e9 publique. Elle a \u00e9t\u00e9 amplement \u00e9voqu\u00e9e par la presse.<\/p>\n<p style=\"text-align: justify;\">Nous, professionnels de Sant\u00e9, prescripteurs et\/ou vaccinateurs sommes engag\u00e9s par la loi sur une voie qui pourrait se retourner contre certains de nos propres patients, contre notre profession, et contre nous-m\u00eames.<\/p>\n<p style=\"text-align: justify;\">Vous allez comprendre pourquoi. Cet Appel souligne des \u00e9l\u00e9ments importants sur le sujet. Lisez-le attentivement avant d\u2019accepter de le signer.<\/p>\n<p style=\"text-align: justify;\"><strong>Nous ne sommes pas contre les vaccins\u00a0: nous sommes oppos\u00e9s aux vaccinations syst\u00e9matiques et trop nombreuses avant l\u2019\u00e2ge de 2 ans. <\/strong><\/p>\n<p style=\"text-align: justify;\">Ces pratiques exposent les petits enfants \u00e0 des complications, car leur syst\u00e8me immunitaire n\u2019est pas pr\u00eat \u00e0 recevoir tant d\u2019agressions antig\u00e9niques.<\/p>\n<p style=\"text-align: justify;\">C\u2019est ainsi que l\u2019on peut craindre\u00a0:<\/p>\n<ul>\n<li style=\"text-align: justify;\"><strong>Des morts subites du Nourrisson, m\u00eame si elles sont rares\u00a0;<\/strong><\/li>\n<li style=\"text-align: justify;\"><strong>Des maladies auto-immunes chroniques graves et handicapantes dans les ann\u00e9es suivantes particuli\u00e8rement du fait de la pr\u00e9sence de quantit\u00e9s trop importantes de l\u2019adjuvant aluminique dans la composition de la plupart des vaccins\u00a0;<\/strong><\/li>\n<li style=\"text-align: justify;\"><strong>Des risques de cancers particuliers, des os, des muscles, des cartilages.. que sont les sarcomes, extr\u00eamement graves chez des adolescents et adultes jeunes, d\u00e9tect\u00e9s d\u00e9j\u00e0 chez les animaux recevant des vaccins avec l\u2019adjuvant aluminium.<\/strong><\/li>\n<\/ul>\n<h2 style=\"text-align: justify;\">Vous \u00eates personnellement concern\u00e9 si vous \u00eates\u00a0:<\/h2>\n<ul style=\"text-align: justify;\">\n<li>M\u00e9decins et Chirurgiens g\u00e9n\u00e9ralistes ou sp\u00e9cialistes,<\/li>\n<li>Internes des h\u00f4pitaux quelles que soient les sp\u00e9cialit\u00e9s,<\/li>\n<li>Etudiants en m\u00e9decine, pharmacie, kin\u00e9sith\u00e9rapie,<\/li>\n<li>Pharmaciens d\u2019officine ou d\u2019industrie,<\/li>\n<li>Sages-femmes, infirmi\u00e8res-infirmiers et autres personnels de sant\u00e9<\/li>\n<li>dipl\u00f4m\u00e9 ou en formation.<\/li>\n<\/ul>\n<p style=\"text-align: justify;\">Si vous appartenez au grand public, hors des professions de sant\u00e9, n\u2019h\u00e9sitez pas \u00e0 proposer ce texte \u00e0 ceux qui vous soignent. Ils sont plus que jamais concern\u00e9s <strong>et responsables.<\/strong><\/p>\n<p><a href=\"https:\/\/professeur-joyeux.com\/2018\/01\/15\/appel-a-raison\/\" target=\"_blank\" rel=\"noopener\">Continuer la lecture sur le site du Pr. Henri Joyeux \u2192<\/a><\/p>\n","protected":false},"excerpt":{"rendered":"<p>[Note de l&#8217;administrateur de ce blog : je relaie ici l&#8217;appel \u00e0 la raison lanc\u00e9 r\u00e9cemment par les professeurs Joyeux et Montagnier au sujet de la politique vaccinale actuelle. Le Pr. Joyeux a un gros d\u00e9faut (pour l&#8217;industrie pharmaceutique) : il s&#8217;exprime toujours sur la base de travaux scientifiques s\u00e9rieux et r\u00e9f\u00e9renc\u00e9s, n&#8217;invente pas des [&hellip;]<\/p>\n","protected":false},"author":1,"featured_media":0,"comment_status":"open","ping_status":"open","sticky":false,"template":"","format":"standard","meta":[],"categories":[4,134,3,29],"tags":[476,902,899,901,900,344],"_links":{"self":[{"href":"https:\/\/aitia.fr\/erd\/wp-json\/wp\/v2\/posts\/10538"}],"collection":[{"href":"https:\/\/aitia.fr\/erd\/wp-json\/wp\/v2\/posts"}],"about":[{"href":"https:\/\/aitia.fr\/erd\/wp-json\/wp\/v2\/types\/post"}],"author":[{"embeddable":true,"href":"https:\/\/aitia.fr\/erd\/wp-json\/wp\/v2\/users\/1"}],"replies":[{"embeddable":true,"href":"https:\/\/aitia.fr\/erd\/wp-json\/wp\/v2\/comments?post=10538"}],"version-history":[{"count":30,"href":"https:\/\/aitia.fr\/erd\/wp-json\/wp\/v2\/posts\/10538\/revisions"}],"predecessor-version":[{"id":10569,"href":"https:\/\/aitia.fr\/erd\/wp-json\/wp\/v2\/posts\/10538\/revisions\/10569"}],"wp:attachment":[{"href":"https:\/\/aitia.fr\/erd\/wp-json\/wp\/v2\/media?parent=10538"}],"wp:term":[{"taxonomy":"category","embeddable":true,"href":"https:\/\/aitia.fr\/erd\/wp-json\/wp\/v2\/categories?post=10538"},{"taxonomy":"post_tag","embeddable":true,"href":"https:\/\/aitia.fr\/erd\/wp-json\/wp\/v2\/tags?post=10538"}],"curies":[{"name":"wp","href":"https:\/\/api.w.org\/{rel}","templated":true}]}}