{"id":10527,"date":"2018-01-20T16:30:39","date_gmt":"2018-01-20T15:30:39","guid":{"rendered":"https:\/\/aitia.fr\/erd\/?p=10527"},"modified":"2018-01-20T16:30:39","modified_gmt":"2018-01-20T15:30:39","slug":"kafka-2-0-comment-sexerce-la-censure-politique-sur-youtube-sayed-hasan","status":"publish","type":"post","link":"https:\/\/aitia.fr\/erd\/kafka-2-0-comment-sexerce-la-censure-politique-sur-youtube-sayed-hasan\/","title":{"rendered":"Kafka 2.0 : comment s\u2019exerce la censure politique sur Youtube (Sayed Hasan)"},"content":{"rendered":"<p style=\"text-align: justify;\"><b><span lang=\"FR\"><img decoding=\"async\" loading=\"lazy\" class=\"alignleft wp-image-10528 size-medium\" src=\"https:\/\/aitia.fr\/erd\/wp-content\/uploads\/2018\/01\/YouTube-censored-300x169.jpg\" alt=\"\" width=\"300\" height=\"169\" srcset=\"https:\/\/aitia.fr\/erd\/wp-content\/uploads\/2018\/01\/YouTube-censored-300x169.jpg 300w, https:\/\/aitia.fr\/erd\/wp-content\/uploads\/2018\/01\/YouTube-censored.jpg 400w\" sizes=\"(max-width: 300px) 100vw, 300px\" \/><\/span><\/b><\/p>\n<p style=\"text-align: justify;\"><span lang=\"FR\">[<em>Note de l&#8217;administrateur de ce blog : pardon de revenir si vite \u00e0 de l&#8217;anxiog\u00e8ne apr\u00e8s la courte <a href=\"https:\/\/aitia.fr\/erd\/la-terre-a-survecu-a-lannee-2017-sante-nature-innovation\/\" target=\"_blank\" rel=\"noopener\">parenth\u00e8se \u00e9rotique<\/a> de l&#8217;avant-dernier article. Mais m\u00eame l\u00e0, c&#8217;est une question de point de vue : quand des oppresseurs n&#8217;ont plus d&#8217;autre moyen que d&#8217;employer la censure la plus brutale pour faire taire des opposants, c&#8217;est le signe qu&#8217;ils sont en mauvaise posture. Un peu comme quand un ancien r\u00e9parateur de chaussures tente de faire passer un professeur de physique &#8211; avec plus de 20 ans d&#8217;anciennet\u00e9 \u00e0 l&#8217;universit\u00e9 &#8211; pour un type qui ne sait pas raisonner.<\/em><\/span><\/p>\n<p style=\"text-align: justify;\"><span lang=\"FR\"><em>Pour une analyse de fond de la guerre de l&#8217;information en cours, <a href=\"https:\/\/aitia.fr\/erd\/la-bataille-du-discours\/\" target=\"_blank\" rel=\"noopener\"><strong>La bataille du discours<\/strong><\/a> est une lecture hautement recommandable.<\/em>]<\/span><\/p>\n<hr \/>\n<p style=\"text-align: justify;\"><b><span lang=\"FR\">Cinq ann\u00e9es d\u2019archives de r\u00e9sistance au sionisme et \u00e0 l\u2019imp\u00e9rialisme d\u00e9truites par Google<\/span><\/b>.<\/p>\n<p style=\"text-align: justify;\">\u00ab\u00a0<em>On avait s\u00fbrement calomni\u00e9 Joseph K., car, sans avoir rien fait de mal, il fut arr\u00eat\u00e9 un matin.<\/em>\u00a0\u00bb Ainsi commence <a href=\"https:\/\/www.ebooksgratuits.com\/html\/kafka_le_proces.html\" target=\"_blank\" rel=\"noopener\"><em>Le Proc\u00e8s<\/em><\/a>, \u0153uvre de Franz Kafka de 1925, dans laquelle Joseph K., employ\u00e9 de banque sans histoires, est arr\u00eat\u00e9 \u00e0 son domicile par de myst\u00e9rieux agents et notifi\u00e9 d\u2019une proc\u00e9dure judiciaire engag\u00e9e \u00e0 son encontre. Il n\u2019est pas inform\u00e9 du d\u00e9lit ou crime dont il se serait rendu coupable \u2013 on lui laisse seulement entendre qu\u2019il aurait enfreint une loi inconnue \u2013, et se voit remettre une convocation au tribunal un certain jour, sans que l\u2019heure ou le lieu exacts soient indiqu\u00e9s. Le protagoniste est entrain\u00e9 dans un engrenage compl\u00e8tement absurde, ballot\u00e9 entre inspecteurs, huissiers, avocats et juges, et ne sachant \u00e0 aucun moment de quoi ou contre qui il doit se d\u00e9fendre. Il est finalement ex\u00e9cut\u00e9 par trois bourreaux distingu\u00e9s qui, avec d\u2019 \u00ab\u00a0horribles politesses\u00a0\u00bb, lui plantent un couteau de boucher dans le c\u0153ur.<\/p>\n<p><a href=\"https:\/\/sayed7asan.blogspot.fr\/2018\/01\/kafka-20-comment-sexerce-la-censure.html\" target=\"_blank\" rel=\"noopener\">Continuer la lecture sur Sayed Hasan \u27f6<\/a><\/p>\n","protected":false},"excerpt":{"rendered":"<p>[Note de l&#8217;administrateur de ce blog : pardon de revenir si vite \u00e0 de l&#8217;anxiog\u00e8ne apr\u00e8s la courte parenth\u00e8se \u00e9rotique de l&#8217;avant-dernier article. Mais m\u00eame l\u00e0, c&#8217;est une question de point de vue : quand des oppresseurs n&#8217;ont plus d&#8217;autre moyen que d&#8217;employer la censure la plus brutale pour faire taire des opposants, c&#8217;est le [&hellip;]<\/p>\n","protected":false},"author":1,"featured_media":0,"comment_status":"open","ping_status":"open","sticky":false,"template":"","format":"standard","meta":[],"categories":[4,134],"tags":[127,897,898,56,896],"_links":{"self":[{"href":"https:\/\/aitia.fr\/erd\/wp-json\/wp\/v2\/posts\/10527"}],"collection":[{"href":"https:\/\/aitia.fr\/erd\/wp-json\/wp\/v2\/posts"}],"about":[{"href":"https:\/\/aitia.fr\/erd\/wp-json\/wp\/v2\/types\/post"}],"author":[{"embeddable":true,"href":"https:\/\/aitia.fr\/erd\/wp-json\/wp\/v2\/users\/1"}],"replies":[{"embeddable":true,"href":"https:\/\/aitia.fr\/erd\/wp-json\/wp\/v2\/comments?post=10527"}],"version-history":[{"count":4,"href":"https:\/\/aitia.fr\/erd\/wp-json\/wp\/v2\/posts\/10527\/revisions"}],"predecessor-version":[{"id":10532,"href":"https:\/\/aitia.fr\/erd\/wp-json\/wp\/v2\/posts\/10527\/revisions\/10532"}],"wp:attachment":[{"href":"https:\/\/aitia.fr\/erd\/wp-json\/wp\/v2\/media?parent=10527"}],"wp:term":[{"taxonomy":"category","embeddable":true,"href":"https:\/\/aitia.fr\/erd\/wp-json\/wp\/v2\/categories?post=10527"},{"taxonomy":"post_tag","embeddable":true,"href":"https:\/\/aitia.fr\/erd\/wp-json\/wp\/v2\/tags?post=10527"}],"curies":[{"name":"wp","href":"https:\/\/api.w.org\/{rel}","templated":true}]}}