{"id":10486,"date":"2018-01-12T19:09:16","date_gmt":"2018-01-12T18:09:16","guid":{"rendered":"https:\/\/aitia.fr\/erd\/?p=10486"},"modified":"2018-01-12T19:09:16","modified_gmt":"2018-01-12T18:09:16","slug":"macron-le-champion-des-fake-news-upr","status":"publish","type":"post","link":"https:\/\/aitia.fr\/erd\/macron-le-champion-des-fake-news-upr\/","title":{"rendered":"Macron, le champion des <i>&#8220;fake news&#8221;<\/i> (UPR)"},"content":{"rendered":"<p style=\"text-align: justify;\"><a href=\"https:\/\/aitia.fr\/erd\/wp-content\/uploads\/2018\/01\/fake-news-le-Point-03-01-2018.png\"><img decoding=\"async\" loading=\"lazy\" class=\"alignleft wp-image-10487\" src=\"https:\/\/aitia.fr\/erd\/wp-content\/uploads\/2018\/01\/fake-news-le-Point-03-01-2018.png\" alt=\"\" width=\"400\" height=\"479\" srcset=\"https:\/\/aitia.fr\/erd\/wp-content\/uploads\/2018\/01\/fake-news-le-Point-03-01-2018.png 491w, https:\/\/aitia.fr\/erd\/wp-content\/uploads\/2018\/01\/fake-news-le-Point-03-01-2018-251x300.png 251w\" sizes=\"(max-width: 400px) 100vw, 400px\" \/><\/a>[<em>Note de l&#8217;administrateur de ce blog : passons sur le fait qu&#8217;un pr\u00e9sident de la R\u00e9publique <strong>fran\u00e7aise<\/strong> se sente oblig\u00e9 de parler en globish pour para\u00eetre \u00e0 la page. Il n&#8217;en para\u00eet en d\u00e9finitive que plus <a href=\"https:\/\/www.monde-diplomatique.fr\/2016\/11\/QUATREPOINT\/56762\" target=\"_blank\" rel=\"noopener\">esclave de ses ma\u00eetres<\/a>.<\/em>]<\/p>\n<hr \/>\n<p style=\"text-align: justify;\">Si, apr\u00e8s 8 mois de mandat, le pr\u00e9sident de la R\u00e9publique ne s\u2019est pas sp\u00e9cialement distingu\u00e9 par son d\u00e9vouement aux int\u00e9r\u00eats sup\u00e9rieurs de la France ni par son \u00e9coute du peuple fran\u00e7ais, force est de constater qu\u2019il vient encore de s\u2019illustrer par ses d\u00e9clarations man\u0153uvri\u00e8res et retorses.<\/p>\n<p style=\"text-align: justify;\">Lors de ses v\u0153ux \u00e0 la presse, <strong><a href=\"https:\/\/www.lepoint.fr\/politique\/fake-news-sur-internet-macron-annonce-une-loi-03-01-2018-2183856_20.php\" target=\"_blank\" rel=\"noopener\">le mercredi 3 janvier 2018, le chef de l\u2019\u00c9tat <\/a><a href=\"https:\/\/www.lepoint.fr\/politique\/fake-news-sur-internet-macron-annonce-une-loi-03-01-2018-2183856_20.php\">a en effet annonc\u00e9<\/a><\/strong> qu\u2019un <em>\u00ab\u00a0texte de loi\u00a0\u00bb<\/em> allait \u00eatre <em>\u00ab\u00a0prochainement\u00a0\u00bb<\/em> soumis au vote de l\u2019Assembl\u00e9e nationale pour s\u2019attaquer aux <em>\u00ab\u00a0fake news\u00a0\u00bb<\/em> sur Internet en <em>\u00ab\u00a0p\u00e9riode \u00e9lectorale\u00a0\u00bb.<\/em><\/p>\n<p style=\"text-align: justify;\">Pourquoi a-t-il lanc\u00e9 une pareille id\u00e9e, qui suscite l\u2019inqui\u00e9tude chez tous les d\u00e9mocrates\u00a0?<\/p>\n<h2 style=\"text-align: justify;\">Un projet lanc\u00e9 par ignorance de ce qui existe ?<\/h2>\n<p style=\"text-align: justify;\">La premi\u00e8re hypoth\u00e8se, c\u2019est que ce serait l\u2019un des conseillers en communication de Macron qui ait inscrit cette annonce dans son discours, sans l\u2019en avertir et sans v\u00e9rifier le droit existant.<\/p>\n<p style=\"text-align: justify;\">Apr\u00e8s tout, ce ne serait pas une premi\u00e8re. Rappelons-nous que l\u2019un de ses m\u00eames conseillers en communication lui avait pr\u00e9par\u00e9 un discours, lors de l\u2019\u00e9lection pr\u00e9sidentielle, pour pr\u00e9senter au public son programme pour l\u2019enseignement. Et qu\u2019au moment m\u00eame o\u00f9 il sollicitait nos suffrages pour la fonction supr\u00eame, <a href=\"https:\/\/www.youtube.com\/watch?v=svz_OE6cGWU\" target=\"_blank\" rel=\"noopener\"><strong>Macron avait avou\u00e9 en direct\u2026 ne pas comprendre ce qu\u2019il lisait\u00a0!<\/strong><\/a><\/p>\n<p style=\"text-align: justify;\">Si cette hypoth\u00e8se est la bonne, le locataire de l\u2019\u00c9lys\u00e9e aurait int\u00e9r\u00eat \u00e0 changer de conseiller.<\/p>\n<p style=\"text-align: justify;\">Ou du moins \u00e0 s\u2019entourer d\u2019un expert du droit de la presse et de la libert\u00e9 d\u2019expression.<\/p>\n<p style=\"text-align: justify;\">Celui-ci aurait en effet pu lui rappeler opportun\u00e9ment\u00a0:<\/p>\n<p><a href=\"https:\/\/www.upr.fr\/actualite\/france\/macron-champion-fake-news-yavar-siyahkalroudi\" target=\"_blank\" rel=\"noopener\">Continuer la lecture sur le site de l&#8217;UPR \u27f6<\/a><\/p>\n","protected":false},"excerpt":{"rendered":"<p>[Note de l&#8217;administrateur de ce blog : passons sur le fait qu&#8217;un pr\u00e9sident de la R\u00e9publique fran\u00e7aise se sente oblig\u00e9 de parler en globish pour para\u00eetre \u00e0 la page. Il n&#8217;en para\u00eet en d\u00e9finitive que plus esclave de ses ma\u00eetres.] Si, apr\u00e8s 8 mois de mandat, le pr\u00e9sident de la R\u00e9publique ne s\u2019est pas sp\u00e9cialement [&hellip;]<\/p>\n","protected":false},"author":1,"featured_media":0,"comment_status":"open","ping_status":"open","sticky":false,"template":"","format":"standard","meta":[],"categories":[4,134,29],"tags":[126,566,880,48,886,884,885],"_links":{"self":[{"href":"https:\/\/aitia.fr\/erd\/wp-json\/wp\/v2\/posts\/10486"}],"collection":[{"href":"https:\/\/aitia.fr\/erd\/wp-json\/wp\/v2\/posts"}],"about":[{"href":"https:\/\/aitia.fr\/erd\/wp-json\/wp\/v2\/types\/post"}],"author":[{"embeddable":true,"href":"https:\/\/aitia.fr\/erd\/wp-json\/wp\/v2\/users\/1"}],"replies":[{"embeddable":true,"href":"https:\/\/aitia.fr\/erd\/wp-json\/wp\/v2\/comments?post=10486"}],"version-history":[{"count":7,"href":"https:\/\/aitia.fr\/erd\/wp-json\/wp\/v2\/posts\/10486\/revisions"}],"predecessor-version":[{"id":10494,"href":"https:\/\/aitia.fr\/erd\/wp-json\/wp\/v2\/posts\/10486\/revisions\/10494"}],"wp:attachment":[{"href":"https:\/\/aitia.fr\/erd\/wp-json\/wp\/v2\/media?parent=10486"}],"wp:term":[{"taxonomy":"category","embeddable":true,"href":"https:\/\/aitia.fr\/erd\/wp-json\/wp\/v2\/categories?post=10486"},{"taxonomy":"post_tag","embeddable":true,"href":"https:\/\/aitia.fr\/erd\/wp-json\/wp\/v2\/tags?post=10486"}],"curies":[{"name":"wp","href":"https:\/\/api.w.org\/{rel}","templated":true}]}}