{"id":10338,"date":"2017-12-29T22:22:12","date_gmt":"2017-12-29T21:22:12","guid":{"rendered":"https:\/\/aitia.fr\/erd\/?p=10338"},"modified":"2017-12-29T22:22:12","modified_gmt":"2017-12-29T21:22:12","slug":"chisinau-comment-sortir-du-crepuscule-slobodan-despot","status":"publish","type":"post","link":"https:\/\/aitia.fr\/erd\/chisinau-comment-sortir-du-crepuscule-slobodan-despot\/","title":{"rendered":"Chi\u0219in\u0103u \u2013 Comment sortir du cr\u00e9puscule ? <br>(Slobodan Despot)"},"content":{"rendered":"<p style=\"text-align: justify;\"><img decoding=\"async\" loading=\"lazy\" class=\"alignleft wp-image-10340\" src=\"https:\/\/aitia.fr\/erd\/wp-content\/uploads\/2017\/12\/despotslobodan2017.jpg\" alt=\"\" width=\"330\" height=\"258\" srcset=\"https:\/\/aitia.fr\/erd\/wp-content\/uploads\/2017\/12\/despotslobodan2017.jpg 400w, https:\/\/aitia.fr\/erd\/wp-content\/uploads\/2017\/12\/despotslobodan2017-300x235.jpg 300w\" sizes=\"(max-width: 330px) 100vw, 330px\" \/>[<em>Note de l&#8217;administrateur de ce blog : comme d&#8217;habitude avec Slobodan Despot, parlant ici lors d&#8217;un colloque \u00e0 Chi\u0219in\u0103u en Moldavie, on prend de la hauteur et du recul. <\/em><\/p>\n<p style=\"text-align: justify;\"><em>Alors que d&#8217;autres en sont encore aux affrontements gauche-droite factices, que certains p\u00e9titionnent contre la guerre, pour la paix, contre les m\u00e9chants et pour les bisous, que d&#8217;autres cherchent \u00e0 Trump toutes les ressemblances possibles avec un Hitler qu&#8217;ils ne connaissent que de leurs manuels de lyc\u00e9e, et sans s&#8217;apercevoir que sa concurrente \u00e9tait pire, l&#8217;\u00e9crivain suisse nous parle d&#8217;effondrement de civilisation et de fin de cycle pluris\u00e9culaire.<\/em><\/p>\n<p style=\"text-align: justify;\"><em>Et c&#8217;est par l\u00e0 qu&#8217;il faut commencer : on n&#8217;est pas certain de gu\u00e9rir une fois pos\u00e9 le bon diagnostic, mais si on fait le mauvais, c&#8217;est encore plus improbable. Il n&#8217;y a donc pas d&#8217;autre solution que de s&#8217;attaquer aux fondations de l&#8217;\u00e9difice pour en construire un autre, patiemment. Mais la d\u00e9molition elle-m\u00eame <a href=\"https:\/\/aitia.fr\/erd\/le-11-septembre-une-mine-pour-les-physiciens\/\" target=\"_blank\" rel=\"noopener\">pourra \u00eatre rapide<\/a>, m\u00eame si le concept a g\u00e9n\u00e9ralement plus d&#8217;inertie que la mati\u00e8re, \u00e9tant \u00e0 support humain.<\/em>]<\/p>\n<hr \/>\n<p style=\"text-align: justify;\"><strong>Nous sommes tous r\u00e9unis ici par un diagnostic commun. Le mod\u00e8le \u00e9conomique, social et politique impos\u00e9 ces deux ou trois derniers si\u00e8cles par la civilisation d\u2019Europe occidentale est en train de s\u2019\u00e9puiser. Comme un animal aux abois, il s\u2019enfonce de plus en plus dans l\u2019agressivit\u00e9. Et comme le scorpion de la fable, il semble avoir retourn\u00e9 son dard empoisonn\u00e9 contre lui-m\u00eame.<\/strong><\/p>\n<p style=\"text-align: justify;\"><strong>Ceci est un truisme pour tous ceux qui sont r\u00e9unis ici. Nous ne serions probablement pas venus d\u2019horizons aussi diff\u00e9rents pour nous retrouver ici si nous ne partagions pas ce credo de base. Pourtant, il serait utile de nous interroger sur ce que recouvre exactement cette conviction.<\/strong><\/p>\n<p style=\"text-align: justify;\"><span id=\"more-54956\"><\/span> Lorsqu\u2019on parle de capitalisme financier, on pourrait tout aussi bien parler du monde moderne. Et m\u00eame de la civilisation o\u00f9 nous vivons en soi, autrement dit de la civilisation tout court. En effet, il n\u2019existe plus nulle part au monde de mod\u00e8le alternatif \u00e0 celui o\u00f9 nous vivons. Tout au plus voit-on \u00e7\u00e0 et l\u00e0 des curiosit\u00e9s telles que les survivances locales de coutumes anciennes ou d\u2019infimes esquisses d\u2019organisations sociales fond\u00e9es sur des utopies\u00a0: <a href=\"https:\/\/fr.wikipedia.org\/wiki\/Phalanst%C3%A8re\" target=\"_blank\" rel=\"noopener\">phalanst\u00e8res<\/a>, coop\u00e9ratives, zones autonomes, etc.<\/p>\n<p><a href=\"https:\/\/lesakerfrancophone.fr\/chisinau-comment-sortir-du-crepuscule\" target=\"_blank\" rel=\"noopener noreferrer\">Continuer la lecture sur le saker francophone \u27f6<\/a><\/p>\n<p>Quelques suggestions de lecture pour s&#8217;\u00e9lever au-dessus du bordel ambiant, sur ce blog :<\/p>\n<ul>\n<li><a href=\"https:\/\/aitia.fr\/erd\/la-grande-separation\/\" target=\"_blank\" rel=\"noopener\"><em>La grande s\u00e9paration<\/em><\/a>, de Herv\u00e9 Juvin<\/li>\n<li><a href=\"https:\/\/aitia.fr\/erd\/la-bataille-du-discours\/\" target=\"_blank\" rel=\"noopener\"><em>La bataille du discours<\/em><\/a>, d&#8217;Isra\u00ebl Adam Shamir<\/li>\n<li><a href=\"https:\/\/aitia.fr\/erd\/thermodynamique-de-levolution\/\" target=\"_blank\" rel=\"noopener\"><em>Thermodynamique de l&#8217;\u00e9volution<\/em><\/a>, de Fran\u00e7ois Roddier<\/li>\n<\/ul>\n","protected":false},"excerpt":{"rendered":"<p>[Note de l&#8217;administrateur de ce blog : comme d&#8217;habitude avec Slobodan Despot, parlant ici lors d&#8217;un colloque \u00e0 Chi\u0219in\u0103u en Moldavie, on prend de la hauteur et du recul. Alors que d&#8217;autres en sont encore aux affrontements gauche-droite factices, que certains p\u00e9titionnent contre la guerre, pour la paix, contre les m\u00e9chants et pour les bisous, [&hellip;]<\/p>\n","protected":false},"author":1,"featured_media":0,"comment_status":"open","ping_status":"open","sticky":false,"template":"","format":"standard","meta":[],"categories":[134,3],"tags":[496,94,871,93,870,667,869,391],"_links":{"self":[{"href":"https:\/\/aitia.fr\/erd\/wp-json\/wp\/v2\/posts\/10338"}],"collection":[{"href":"https:\/\/aitia.fr\/erd\/wp-json\/wp\/v2\/posts"}],"about":[{"href":"https:\/\/aitia.fr\/erd\/wp-json\/wp\/v2\/types\/post"}],"author":[{"embeddable":true,"href":"https:\/\/aitia.fr\/erd\/wp-json\/wp\/v2\/users\/1"}],"replies":[{"embeddable":true,"href":"https:\/\/aitia.fr\/erd\/wp-json\/wp\/v2\/comments?post=10338"}],"version-history":[{"count":14,"href":"https:\/\/aitia.fr\/erd\/wp-json\/wp\/v2\/posts\/10338\/revisions"}],"predecessor-version":[{"id":10353,"href":"https:\/\/aitia.fr\/erd\/wp-json\/wp\/v2\/posts\/10338\/revisions\/10353"}],"wp:attachment":[{"href":"https:\/\/aitia.fr\/erd\/wp-json\/wp\/v2\/media?parent=10338"}],"wp:term":[{"taxonomy":"category","embeddable":true,"href":"https:\/\/aitia.fr\/erd\/wp-json\/wp\/v2\/categories?post=10338"},{"taxonomy":"post_tag","embeddable":true,"href":"https:\/\/aitia.fr\/erd\/wp-json\/wp\/v2\/tags?post=10338"}],"curies":[{"name":"wp","href":"https:\/\/api.w.org\/{rel}","templated":true}]}}