{"id":10280,"date":"2017-12-19T07:00:52","date_gmt":"2017-12-19T06:00:52","guid":{"rendered":"https:\/\/aitia.fr\/erd\/?p=10280"},"modified":"2017-12-18T22:51:31","modified_gmt":"2017-12-18T21:51:31","slug":"photomontage-er","status":"publish","type":"post","link":"https:\/\/aitia.fr\/erd\/photomontage-er\/","title":{"rendered":"Photomontage (E&#038;R)"},"content":{"rendered":"<p style=\"text-align: justify;\">[<em>Note de l&#8217;administrateur de ce blog : pour les non-fans de rap tels que moi-m\u00eame, Lacrim, de son vrai nom Karim Zenoud, est un rappeur fran\u00e7ais d&#8217;origine alg\u00e9rienne, n\u00e9 \u00e0 Paris et ayant grandi en France, qui un pass\u00e9 <a href=\"https:\/\/fr.wikipedia.org\/wiki\/Lacrim#Jeunesse_(1985-2009)\" target=\"_blank\" rel=\"noopener\">d\u00e9linquant<\/a> et <a href=\"https:\/\/fr.wikipedia.org\/wiki\/Lacrim#Incarc%C3%A9rations\" target=\"_blank\" rel=\"noopener\">carc\u00e9ral<\/a> charg\u00e9. <\/em><em>Et peut-\u00eatre m\u00eame un futur, puisqu&#8217;on ne fait chanter que ceux qui ont suffisamment de casseroles.<\/em>]<\/p>\n<hr \/>\n<p><em>Source : <a href=\"https:\/\/www.egaliteetreconciliation.fr\/Les-dessins-de-la-semaine-48965.html\" target=\"_blank\" rel=\"noopener\">les dessins de la semaine<\/a>.<\/em><\/p>\n<p>&nbsp;<\/p>\n<p><img decoding=\"async\" loading=\"lazy\" class=\"wp-image-10281 aligncenter\" src=\"https:\/\/aitia.fr\/erd\/wp-content\/uploads\/2017\/12\/Montage_lacrim_dieudonn_R_soral_ennemi_public_numero_1.jpg\" alt=\"\" width=\"700\" height=\"700\" srcset=\"https:\/\/aitia.fr\/erd\/wp-content\/uploads\/2017\/12\/Montage_lacrim_dieudonn_R_soral_ennemi_public_numero_1.jpg 960w, https:\/\/aitia.fr\/erd\/wp-content\/uploads\/2017\/12\/Montage_lacrim_dieudonn_R_soral_ennemi_public_numero_1-150x150.jpg 150w, https:\/\/aitia.fr\/erd\/wp-content\/uploads\/2017\/12\/Montage_lacrim_dieudonn_R_soral_ennemi_public_numero_1-300x300.jpg 300w, https:\/\/aitia.fr\/erd\/wp-content\/uploads\/2017\/12\/Montage_lacrim_dieudonn_R_soral_ennemi_public_numero_1-768x768.jpg 768w, https:\/\/aitia.fr\/erd\/wp-content\/uploads\/2017\/12\/Montage_lacrim_dieudonn_R_soral_ennemi_public_numero_1-600x600.jpg 600w\" sizes=\"(max-width: 700px) 100vw, 700px\" \/><\/p>\n<hr \/>\n<p><strong>\u00a0<\/strong><em>&#8220;\u00c0 une \u00e9poque de supercherie universelle, dire la v\u00e9rit\u00e9 est un acte r\u00e9volutionnaire.&#8221; <\/em><span id='easy-footnote-1-10280' class='easy-footnote-margin-adjust'><\/span><span class='easy-footnote'><a href='https:\/\/aitia.fr\/erd\/photomontage-er\/#easy-footnote-bottom-1-10280' title='In a Time of Universal Deceit \u2014 Telling the Truth Is a Revolutionary Act'><sup>1<\/sup><\/a><\/span><\/p>\n<p>(Attribu\u00e9 <a href=\"https:\/\/quoteinvestigator.com\/2013\/02\/24\/truth-revolutionary\/\" target=\"_blank\" rel=\"noopener\">faussement<\/a> \u00e0 <strong>Eric Arthur Blair<\/strong> alias <strong>George Orwell<\/strong><em>, <\/em>mais sans doute parce que \u00e7a colle pile poil \u00e0 son \u0153uvre)<\/p>\n<p>&nbsp;<\/p>\n<p><em>&#8220;Pourquoi tu ris, connard ? Tu vois pas que c&#8217;est juste la v\u00e9rit\u00e9 ?&#8221;<\/em><\/p>\n<p>(<strong>Dieudonn\u00e9 M&#8217;Bala M&#8217;Bala<\/strong>, de m\u00e9moire)<\/p>\n","protected":false},"excerpt":{"rendered":"<p>[Note de l&#8217;administrateur de ce blog : pour les non-fans de rap tels que moi-m\u00eame, Lacrim, de son vrai nom Karim Zenoud, est un rappeur fran\u00e7ais d&#8217;origine alg\u00e9rienne, n\u00e9 \u00e0 Paris et ayant grandi en France, qui un pass\u00e9 d\u00e9linquant et carc\u00e9ral charg\u00e9. Et peut-\u00eatre m\u00eame un futur, puisqu&#8217;on ne fait chanter que ceux qui [&hellip;]<\/p>\n","protected":false},"author":1,"featured_media":0,"comment_status":"open","ping_status":"open","sticky":false,"template":"","format":"standard","meta":[],"categories":[5,3],"tags":[857,40,856,648,859,48,858],"_links":{"self":[{"href":"https:\/\/aitia.fr\/erd\/wp-json\/wp\/v2\/posts\/10280"}],"collection":[{"href":"https:\/\/aitia.fr\/erd\/wp-json\/wp\/v2\/posts"}],"about":[{"href":"https:\/\/aitia.fr\/erd\/wp-json\/wp\/v2\/types\/post"}],"author":[{"embeddable":true,"href":"https:\/\/aitia.fr\/erd\/wp-json\/wp\/v2\/users\/1"}],"replies":[{"embeddable":true,"href":"https:\/\/aitia.fr\/erd\/wp-json\/wp\/v2\/comments?post=10280"}],"version-history":[{"count":13,"href":"https:\/\/aitia.fr\/erd\/wp-json\/wp\/v2\/posts\/10280\/revisions"}],"predecessor-version":[{"id":10294,"href":"https:\/\/aitia.fr\/erd\/wp-json\/wp\/v2\/posts\/10280\/revisions\/10294"}],"wp:attachment":[{"href":"https:\/\/aitia.fr\/erd\/wp-json\/wp\/v2\/media?parent=10280"}],"wp:term":[{"taxonomy":"category","embeddable":true,"href":"https:\/\/aitia.fr\/erd\/wp-json\/wp\/v2\/categories?post=10280"},{"taxonomy":"post_tag","embeddable":true,"href":"https:\/\/aitia.fr\/erd\/wp-json\/wp\/v2\/tags?post=10280"}],"curies":[{"name":"wp","href":"https:\/\/api.w.org\/{rel}","templated":true}]}}