{"id":10221,"date":"2017-12-06T22:36:03","date_gmt":"2017-12-06T21:36:03","guid":{"rendered":"https:\/\/aitia.fr\/erd\/?p=10221"},"modified":"2017-12-06T22:38:57","modified_gmt":"2017-12-06T21:38:57","slug":"et-si-le-pays-de-galles-avait-ete-offert-aux-juifs-pour-y-etablir-leur-patrie-middle-east-eye","status":"publish","type":"post","link":"https:\/\/aitia.fr\/erd\/et-si-le-pays-de-galles-avait-ete-offert-aux-juifs-pour-y-etablir-leur-patrie-middle-east-eye\/","title":{"rendered":"Et si le pays de Galles avait \u00e9t\u00e9 offert aux juifs pour y \u00e9tablir leur patrie ? (Middle East Eye)"},"content":{"rendered":"<p style=\"text-align: justify;\"><img decoding=\"async\" loading=\"lazy\" class=\"alignleft wp-image-10222\" src=\"https:\/\/aitia.fr\/erd\/wp-content\/uploads\/2017\/12\/Wales-Map-French.png\" alt=\"\" width=\"400\" height=\"323\" srcset=\"https:\/\/aitia.fr\/erd\/wp-content\/uploads\/2017\/12\/Wales-Map-French.png 620w, https:\/\/aitia.fr\/erd\/wp-content\/uploads\/2017\/12\/Wales-Map-French-300x242.png 300w, https:\/\/aitia.fr\/erd\/wp-content\/uploads\/2017\/12\/Wales-Map-French-600x484.png 600w\" sizes=\"(max-width: 400px) 100vw, 400px\" \/>[<em>Note de l&#8217;administrateur de ce blog : au moment o\u00f9 Donald Trump <a href=\"https:\/\/www.lepoint.fr\/monde\/jerusalem-le-monde-musulman-met-en-garde-trump-a-l-approche-de-sa-decision-04-12-2017-2177233_24.php\" target=\"_blank\" rel=\"noopener\">reconna\u00eet J\u00e9suralem<\/a> comme capitale de <del>la Palestine<\/del> l&#8217;\u00c9tat d&#8217;Isra\u00ebl, il est int\u00e9ressant de faire un peu d&#8217;histoire fictionnelle et r\u00e9troactive, en cette ann\u00e9e centenaire de la <a href=\"https:\/\/aitia.fr\/erd\/la-declaration-balfour-etude-de-la-duplicite-britannique-middle-east-eye\/\" target=\"_blank\" rel=\"noopener\">D\u00e9claration Balfour<\/a>, avec cet article paru le 2 novembre dernier.<\/em><\/p>\n<p style=\"text-align: justify;\"><em>La capacit\u00e9 d&#8217;abstraction, n\u00e9cessaire \u00e0 la science, passe par l&#8217;aptitude \u00e0 transposer une r\u00e9alit\u00e9 connue dans un autre cadre, en suivant les m\u00eames r\u00e8gles, histoire de voir ce que \u00e7a donne, et si \u00e9ventuellement on aboutit \u00e0 des absurdit\u00e9s.<\/em>]<\/p>\n<hr \/>\n<div class=\"field field-name-body-summary field-type-ds field-label-hidden\">\n<div class=\"field-items\">\n<div class=\"field-item even\">\n<p style=\"text-align: justify;\">Si nous partons du principe que les autorit\u00e9s britanniques voulaient en 1917 aider un peuple pers\u00e9cut\u00e9 \u00e0 trouver refuge, alors elles auraient sans nul doute pu offrir aux sionistes une patrie dans un territoire qu&#8217;elles contr\u00f4laient \u00e0 l&#8217;\u00e9poque, n\u2019est-ce pas ?<\/p>\n<\/div>\n<\/div>\n<\/div>\n<div class=\"field field-name-body field-type-text-with-summary field-label-hidden\">\n<div class=\"field-items\">\n<div class=\"field-item even\">\n<p style=\"text-align: justify;\">Le 2 novembre 1917, le ministre britannique des Affaires \u00e9trang\u00e8res, Arthur Balfour, envoya une lettre \u00e0 Lord Walter Rothschild, un \u00e9minent sioniste.<\/p>\n<p style=\"text-align: justify;\">Dans ce document, connu sous le nom de D\u00e9claration Balfour, le gouvernement britannique promit la Palestine aux sionistes \u2013 et le fit sans consulter les Palestiniens, les juifs britanniques ou la population britannique au sens large.<\/p>\n<p style=\"text-align: justify;\">Alors que les Arabes palestiniens repr\u00e9sentaient \u00e0 l&#8217;\u00e9poque 90 % des 700 000 habitants de ce territoire, ils ne furent bizarrement mentionn\u00e9s dans la lettre que sous le terme de <em>&#8220;communaut\u00e9s non juives existantes&#8221;<\/em>. Le document disait \u00e9galement que <em>&#8220;rien ne<\/em> [devait] <em>\u00eatre fait qui puisse porter atteinte&#8221;<\/em> \u00e0 leurs <em>&#8220;droits civils et religieux&#8221;<\/em>.<\/p>\n<p style=\"text-align: justify;\">La d\u00e9claration a eu un impact catastrophique sur les Palestiniens. Elle a au final conduit \u00e0 la cr\u00e9ation d&#8217;Isra\u00ebl en 1948, processus au cours duquel les Palestiniens ont \u00e9t\u00e9 chass\u00e9s de leurs foyers, principalement par les actes de terrorisme perp\u00e9tr\u00e9s par les juifs.<\/p>\n<p><a href=\"https:\/\/www.middleeasteye.net\/fr\/opinions\/et-si-le-pays-de-galles-avait-t-offert-aux-juifs-pour-y-tablir-leur-patrie-1453921074\" target=\"_blank\" rel=\"noopener noreferrer\">Continuer la lecture sur Middle East Eye \u27f6<\/a><\/p>\n<\/div>\n<\/div>\n<\/div>\n","protected":false},"excerpt":{"rendered":"<p>[Note de l&#8217;administrateur de ce blog : au moment o\u00f9 Donald Trump reconna\u00eet J\u00e9suralem comme capitale de la Palestine l&#8217;\u00c9tat d&#8217;Isra\u00ebl, il est int\u00e9ressant de faire un peu d&#8217;histoire fictionnelle et r\u00e9troactive, en cette ann\u00e9e centenaire de la D\u00e9claration Balfour, avec cet article paru le 2 novembre dernier. La capacit\u00e9 d&#8217;abstraction, n\u00e9cessaire \u00e0 la science, [&hellip;]<\/p>\n","protected":false},"author":1,"featured_media":0,"comment_status":"open","ping_status":"open","sticky":false,"template":"","format":"standard","meta":[],"categories":[4,134,5],"tags":[779,162,161,841,111],"_links":{"self":[{"href":"https:\/\/aitia.fr\/erd\/wp-json\/wp\/v2\/posts\/10221"}],"collection":[{"href":"https:\/\/aitia.fr\/erd\/wp-json\/wp\/v2\/posts"}],"about":[{"href":"https:\/\/aitia.fr\/erd\/wp-json\/wp\/v2\/types\/post"}],"author":[{"embeddable":true,"href":"https:\/\/aitia.fr\/erd\/wp-json\/wp\/v2\/users\/1"}],"replies":[{"embeddable":true,"href":"https:\/\/aitia.fr\/erd\/wp-json\/wp\/v2\/comments?post=10221"}],"version-history":[{"count":10,"href":"https:\/\/aitia.fr\/erd\/wp-json\/wp\/v2\/posts\/10221\/revisions"}],"predecessor-version":[{"id":10232,"href":"https:\/\/aitia.fr\/erd\/wp-json\/wp\/v2\/posts\/10221\/revisions\/10232"}],"wp:attachment":[{"href":"https:\/\/aitia.fr\/erd\/wp-json\/wp\/v2\/media?parent=10221"}],"wp:term":[{"taxonomy":"category","embeddable":true,"href":"https:\/\/aitia.fr\/erd\/wp-json\/wp\/v2\/categories?post=10221"},{"taxonomy":"post_tag","embeddable":true,"href":"https:\/\/aitia.fr\/erd\/wp-json\/wp\/v2\/tags?post=10221"}],"curies":[{"name":"wp","href":"https:\/\/api.w.org\/{rel}","templated":true}]}}