{"id":10215,"date":"2017-12-06T13:00:33","date_gmt":"2017-12-06T12:00:33","guid":{"rendered":"https:\/\/aitia.fr\/erd\/?p=10215"},"modified":"2017-12-06T11:14:33","modified_gmt":"2017-12-06T10:14:33","slug":"ce-type-est-il-reellement-notre-president-brut","status":"publish","type":"post","link":"https:\/\/aitia.fr\/erd\/ce-type-est-il-reellement-notre-president-brut\/","title":{"rendered":"Ce type est-il r\u00e9ellement notre pr\u00e9sident ? (Brut)"},"content":{"rendered":"<p style=\"text-align: justify;\">[<em>Note de l&#8217;administrateur de ce blog : incroyable vulgarit\u00e9 de celui qui pr\u00e9tend repr\u00e9senter les Fran\u00e7ais, m\u00e9pris colonialiste d\u00e9complex\u00e9 et comportement digne d&#8217;un chauffeur de salle pour noces et banquets.<\/em><\/p>\n<p style=\"text-align: justify;\"><em>Et il se trouvera certainement encore des sourds et aveugles (mais h\u00e9las pas muets) pour pr\u00e9tendre qu&#8217;en votant Macron ils ont &#8220;fait barrage \u00e0 l&#8217;extr\u00e9misme&#8221;, alors qu&#8217;ils ont sous les yeux un exemple caricatural du racisme colonial le plus extr\u00eame, aggrav\u00e9 par une absence totale de retenue alors qu&#8217;il s&#8217;agit l\u00e0 d&#8217;une visite officielle d&#8217;un chef d&#8217;\u00c9tat, donc d&#8217;un cadre hautement protocolaire. Que n&#8217;aurait-on lu et entendu si Marine Le Pen avait os\u00e9 pareilles saillies verbales !<\/em><\/p>\n<p style=\"text-align: justify;\"><em> \u00c0 tous les francophones constern\u00e9s par ce comportement de pr\u00e9-adolescent mal d\u00e9grossi : veuillez nous excuser pour cette interruption momentan\u00e9e de la France. Nos \u00e9quipes travaillent au r\u00e9tablissement d&#8217;une nation digne de ce nom.<\/em>]<\/p>\n<hr \/>\n<p style=\"text-align: center;\"><iframe loading=\"lazy\" src=\"https:\/\/www.youtube.com\/embed\/ziqdRQrTmmY\" width=\"560\" height=\"315\" frameborder=\"0\" allowfullscreen=\"allowfullscreen\"><\/iframe><\/p>\n<p>Sur le profil psychologique particulier d&#8217;Emmanuel Macron, voir \u00e9galement :<\/p>\n<p><a href=\"https:\/\/aitia.fr\/erd\/macron-est-un-psychopathe-lanalyse-dun-psychiatre-italien-ertv\/\" target=\"_blank\" rel=\"noopener\">&#8220;Macron est un psychopathe&#8221; : l&#8217;analyse d&#8217;un psychiatre italien<\/a>.<\/p>\n","protected":false},"excerpt":{"rendered":"<p>[Note de l&#8217;administrateur de ce blog : incroyable vulgarit\u00e9 de celui qui pr\u00e9tend repr\u00e9senter les Fran\u00e7ais, m\u00e9pris colonialiste d\u00e9complex\u00e9 et comportement digne d&#8217;un chauffeur de salle pour noces et banquets. Et il se trouvera certainement encore des sourds et aveugles (mais h\u00e9las pas muets) pour pr\u00e9tendre qu&#8217;en votant Macron ils ont &#8220;fait barrage \u00e0 l&#8217;extr\u00e9misme&#8221;, [&hellip;]<\/p>\n","protected":false},"author":1,"featured_media":0,"comment_status":"open","ping_status":"open","sticky":false,"template":"","format":"standard","meta":[],"categories":[4,133,29],"tags":[836,837,566,838,839,43,840],"_links":{"self":[{"href":"https:\/\/aitia.fr\/erd\/wp-json\/wp\/v2\/posts\/10215"}],"collection":[{"href":"https:\/\/aitia.fr\/erd\/wp-json\/wp\/v2\/posts"}],"about":[{"href":"https:\/\/aitia.fr\/erd\/wp-json\/wp\/v2\/types\/post"}],"author":[{"embeddable":true,"href":"https:\/\/aitia.fr\/erd\/wp-json\/wp\/v2\/users\/1"}],"replies":[{"embeddable":true,"href":"https:\/\/aitia.fr\/erd\/wp-json\/wp\/v2\/comments?post=10215"}],"version-history":[{"count":5,"href":"https:\/\/aitia.fr\/erd\/wp-json\/wp\/v2\/posts\/10215\/revisions"}],"predecessor-version":[{"id":10220,"href":"https:\/\/aitia.fr\/erd\/wp-json\/wp\/v2\/posts\/10215\/revisions\/10220"}],"wp:attachment":[{"href":"https:\/\/aitia.fr\/erd\/wp-json\/wp\/v2\/media?parent=10215"}],"wp:term":[{"taxonomy":"category","embeddable":true,"href":"https:\/\/aitia.fr\/erd\/wp-json\/wp\/v2\/categories?post=10215"},{"taxonomy":"post_tag","embeddable":true,"href":"https:\/\/aitia.fr\/erd\/wp-json\/wp\/v2\/tags?post=10215"}],"curies":[{"name":"wp","href":"https:\/\/api.w.org\/{rel}","templated":true}]}}