{"id":10196,"date":"2017-12-04T07:00:48","date_gmt":"2017-12-04T06:00:48","guid":{"rendered":"https:\/\/aitia.fr\/erd\/?p=10196"},"modified":"2018-12-08T21:34:45","modified_gmt":"2018-12-08T20:34:45","slug":"entretien-avec-fabrice-thomas-ex-amant-de-pierre-berge-er","status":"publish","type":"post","link":"https:\/\/aitia.fr\/erd\/entretien-avec-fabrice-thomas-ex-amant-de-pierre-berge-er\/","title":{"rendered":"Entretien avec Fabrice Thomas, ex-amant de Pierre Berg\u00e9 (E&#038;R)"},"content":{"rendered":"<p style=\"text-align: justify;\"><img decoding=\"async\" loading=\"lazy\" class=\"alignleft size-full wp-image-10198\" src=\"https:\/\/aitia.fr\/erd\/wp-content\/uploads\/2017\/12\/Berge\u0301_Thomas.jpg\" alt=\"\" width=\"465\" height=\"319\" srcset=\"https:\/\/aitia.fr\/erd\/wp-content\/uploads\/2017\/12\/Berge\u0301_Thomas.jpg 465w, https:\/\/aitia.fr\/erd\/wp-content\/uploads\/2017\/12\/Berge\u0301_Thomas-300x206.jpg 300w\" sizes=\"(max-width: 465px) 100vw, 465px\" \/>[<em>Note de l&#8217;administrateur de ce blog : j&#8217;ai chang\u00e9 le titre originel de l&#8217;article, un peu long (Fabrice Thomas, ex-amant de Pierre Berg\u00e9\u00a0: &#8220;Une minute de jouissance dans les bras d\u2019un succube est un pacte avec le diable toute votre vie&#8221;). <\/em><\/p>\n<p style=\"text-align: justify;\"><em>Attention, \u00e2mes sensibles s&#8217;abstenir. En mati\u00e8re de sexualit\u00e9, la fantaisie est grande, et l&#8217;on consid\u00e8re g\u00e9n\u00e9ralement que peu de choses sont r\u00e9pr\u00e9hensibles entre adultes consentants. Cependant, au-del\u00e0 d&#8217;un certain niveau de perversion, lorsque des &#8220;adultes consentants&#8221; sont des personnes fragiles se faisant litt\u00e9ralement torturer, physiquement et psychiquement, par des psychopathes dominateurs sans la moindre limite morale<span id='easy-footnote-1-10196' class='easy-footnote-margin-adjust'><\/span><span class='easy-footnote'><a href='https:\/\/aitia.fr\/erd\/entretien-avec-fabrice-thomas-ex-amant-de-pierre-berge-er\/#easy-footnote-bottom-1-10196' title='On se rappellera &lt;a href=&quot;https:\/\/www.lepoint.fr\/societe\/pma-pour-pierre-berge-payer-un-ouvrier-ou-une-mere-porteuse-c-est-la-meme-chose-17-12-2012-1602815_23.php&quot; target=&quot;_blank&quot; rel=&quot;noopener&quot;&gt;la comparaison de Pierre Berg\u00e9&lt;\/a&gt; entre &amp;#8220;louer son ventre&amp;#8221; et &amp;#8220;louer ses bras&amp;#8221; pour d\u00e9fendre la GPA&amp;#8230;'><sup>1<\/sup><\/a><\/span>, ne pas d\u00e9noncer ces derniers est criminel. <\/em><\/p>\n<p style=\"text-align: justify;\"><em>Fabrice Thomas a pu voir de pr\u00e8s comment Yves Saint Laurent a \u00e9t\u00e9 vampiris\u00e9 par Pierre Berg\u00e9, et ce qu&#8217;il raconte, bien qu&#8217;\u00e9dulcor\u00e9 d&#8217;apr\u00e8s lui, est insoutenable. Quiconque peut apr\u00e8s cela continuer \u00e0 pr\u00e9senter Pierre Berg\u00e9 comme un simple &#8220;m\u00e9c\u00e8ne&#8221;, un milliardaire &#8220;de gauche&#8221; ayant d\u00e9pens\u00e9 sa fortune pour des causes &#8220;progressistes&#8221;, est un grand malade. Ce t\u00e9moignage est aussi une preuve accablante de l&#8217;\u00e9tat de corruption de nos &#8220;\u00e9lites&#8221; politiques et m\u00e9diatiques, particuli\u00e8rement \u00e0 gauche : si tant de personnalit\u00e9s ont pu &#8211; et peuvent encore &#8211; dire du bien de Pierre Berg\u00e9 en fermant les yeux sur le comportement de psychopathe de ce dernier, qui ne pouvait pas \u00eatre ignor\u00e9 des cercles du pouvoir, ce n&#8217;est pas parce qu&#8217;elles l&#8217;approuvaient, mais parce qu&#8217;elles d\u00e9pendaient de ses largesses financi\u00e8res.<\/em><\/p>\n<p style=\"text-align: justify;\"><em>Il n&#8217;y a pas que les \u00c9tats-Unis d&#8217;Am\u00e9rique qui soient devenus, comme le dit <a href=\"https:\/\/aitia.fr\/erd\/qui-a-dit-n-6\/\" target=\"_blank\" rel=\"noopener\">un de leurs anciens pr\u00e9sidents<\/a>, &#8220;juste une oligarchie, avec un pouvoir de corruption illimit\u00e9 qui constitue le c\u0153ur du syst\u00e8me pour obtenir des nominations \u00e0 la pr\u00e9sidence ou \u00eatre \u00e9lu pr\u00e9sident.&#8221;<\/em>]<\/p>\n<hr \/>\n<p style=\"text-align: justify;\"><strong>Fabrice Thomas vient de sortir un <a href=\"https:\/\/web.archive.org\/web\/20180207050023\/https:\/\/www.kontrekulture.com:80\/produit\/saint-laurent-et-moi-une-histoire-intime\" target=\"_blank\" rel=\"noopener\">livre<\/a> sur sa relation double avec Pierre Berg\u00e9 et Yves Saint Laurent. Il r\u00e9v\u00e8le la sexualit\u00e9 d\u00e9viante du cr\u00e9ateur et de son \u00ab\u00a0ma\u00eetre\u00a0\u00bb, comme on dit dans le milieu SM.\u00a0Si le sadomasochisme est une pratique autoris\u00e9e entre adultes consentants, la violence morale et physique qu\u2019Yves et Fabrice ont subie de la part de Pierre Berg\u00e9 va bien au-del\u00e0\u00a0: il s\u2019agissait d\u2019une entreprise de destruction de l\u2019autre, destruction physique autant que psychique.<\/strong><\/p>\n<p style=\"text-align: justify;\">Avant de r\u00e9pondre \u00e0 nos questions, Fabrice Thomas a voulu faire une mise au point\u00a0:<\/p>\n<blockquote class=\"spip\"><p><em>\u00ab\u00a0Il est \u00e9vident que j\u2019ai d\u00fb \u00e9dulcorer et souvent tamiser au point o\u00f9 souvent la fiction rattrape la r\u00e9alit\u00e9. Dans un pays comme la France, on serait en droit de s\u2019attendre \u00e0 la libert\u00e9 d\u2019expression, surtout en ce qui concerne la d\u00e9nonciation d\u2019abus flagrants. Il n\u2019en est rien.<\/em><\/p>\n<p><em>Vous faites \u00e9tat du caract\u00e8re quasi sacr\u00e9 de Pierre Berg\u00e9, le gosse qui se pr\u00e9senta devant ce personnage qui tutoyait le Pr\u00e9sident de la R\u00e9publique \u00e9tait une proie facile pour ce pr\u00e9dateur, mon p\u00e8re avant moi avait pav\u00e9 le chemin, et toute mon histoire familiale tournait autour de Pierre Berg\u00e9 et Yves Saint Laurent.\u00a0\u00bb<\/em><\/p><\/blockquote>\n<p><\/p>\n<p style=\"text-align: justify;\"><strong>E&amp;R\u00a0: Qu\u2019est-ce que Yves Saint Laurent et Pierre Berg\u00e9 ont r\u00e9v\u00e9l\u00e9 de vous, en vous\u00a0?<\/strong><\/p>\n<p style=\"text-align: justify;\"><strong>Fabrice Thomas\u00a0:<\/strong> Difficile de r\u00e9pondre avec pr\u00e9cision, moi qui \u00e9tais un affam\u00e9 affectif au vu de mon enfance tortur\u00e9e et qui pensais trouver la s\u00e9curit\u00e9, une stabilit\u00e9 et aussi trouver un lien avec un groupe, j\u2019ai vu mon conte de f\u00e9es se transformer en conte de fesses. Moi qui n\u2019avais qu\u2019un jean et un t-shirt je me retrouve avec des v\u00eatements hors de prix\u00a0; moi qui \u00e9tais souvent rest\u00e9 sur ma faim, je mange du caviar \u00e0 la louche. Pierre Berg\u00e9 faisait \u00e9tat de sa puissance quand il m\u2019enleva en h\u00e9lico pour ses sessions de dressage au ch\u00e2teau Gabriel\u00a0[<a id=\"nh1\" class=\"spip_note\" title=\"\u00ab Ch\u00e2teau Gabriel fut une maison studieuse consacr\u00e9e \u00e0 la lecture et \u00e0 la\u00a0(...)\" href=\"https:\/\/www.egaliteetreconciliation.fr\/Fabrice-Thomas-ex-amant-de-Pierre-Berge-Une-minute-de-jouissance-dans-les-bras-d-un-succube-est-un-48719.html#nb1\" target=\"_blank\" rel=\"footnote\">1<\/a>]. J\u2019ai fait les choses par instinct, mon p\u00e8re m\u2019avait format\u00e9 dans ma prime jeunesse \u00e0 la torture physique et morale.<\/p>\n<p><a href=\"https:\/\/www.egaliteetreconciliation.fr\/Fabrice-Thomas-ex-amant-de-Pierre-Berge-Une-minute-de-jouissance-dans-les-bras-d-un-succube-est-un-48719.html\" target=\"_blank\" rel=\"noopener noreferrer\">Continuer la lecture sur \u00c9galit\u00e9 &amp; R\u00e9conciliation \u27f6<\/a><\/p>\n","protected":false},"excerpt":{"rendered":"<p>[Note de l&#8217;administrateur de ce blog : j&#8217;ai chang\u00e9 le titre originel de l&#8217;article, un peu long (Fabrice Thomas, ex-amant de Pierre Berg\u00e9\u00a0: &#8220;Une minute de jouissance dans les bras d\u2019un succube est un pacte avec le diable toute votre vie&#8221;). Attention, \u00e2mes sensibles s&#8217;abstenir. En mati\u00e8re de sexualit\u00e9, la fantaisie est grande, et l&#8217;on [&hellip;]<\/p>\n","protected":false},"author":1,"featured_media":0,"comment_status":"open","ping_status":"open","sticky":false,"template":"","format":"standard","meta":[],"categories":[4,134,29],"tags":[830,834,831,835,832,833,789],"_links":{"self":[{"href":"https:\/\/aitia.fr\/erd\/wp-json\/wp\/v2\/posts\/10196"}],"collection":[{"href":"https:\/\/aitia.fr\/erd\/wp-json\/wp\/v2\/posts"}],"about":[{"href":"https:\/\/aitia.fr\/erd\/wp-json\/wp\/v2\/types\/post"}],"author":[{"embeddable":true,"href":"https:\/\/aitia.fr\/erd\/wp-json\/wp\/v2\/users\/1"}],"replies":[{"embeddable":true,"href":"https:\/\/aitia.fr\/erd\/wp-json\/wp\/v2\/comments?post=10196"}],"version-history":[{"count":10,"href":"https:\/\/aitia.fr\/erd\/wp-json\/wp\/v2\/posts\/10196\/revisions"}],"predecessor-version":[{"id":11775,"href":"https:\/\/aitia.fr\/erd\/wp-json\/wp\/v2\/posts\/10196\/revisions\/11775"}],"wp:attachment":[{"href":"https:\/\/aitia.fr\/erd\/wp-json\/wp\/v2\/media?parent=10196"}],"wp:term":[{"taxonomy":"category","embeddable":true,"href":"https:\/\/aitia.fr\/erd\/wp-json\/wp\/v2\/categories?post=10196"},{"taxonomy":"post_tag","embeddable":true,"href":"https:\/\/aitia.fr\/erd\/wp-json\/wp\/v2\/tags?post=10196"}],"curies":[{"name":"wp","href":"https:\/\/api.w.org\/{rel}","templated":true}]}}