{"id":10142,"date":"2017-11-28T07:00:47","date_gmt":"2017-11-28T06:00:47","guid":{"rendered":"https:\/\/aitia.fr\/erd\/?p=10142"},"modified":"2017-11-28T06:39:16","modified_gmt":"2017-11-28T05:39:16","slug":"des-snipers-de-maidan-temoignent-a-la-tv-italienne-que-les-commanditaires-de-la-tuerie-etaient-dans-le-camp-americain-medias-presse-info","status":"publish","type":"post","link":"https:\/\/aitia.fr\/erd\/des-snipers-de-maidan-temoignent-a-la-tv-italienne-que-les-commanditaires-de-la-tuerie-etaient-dans-le-camp-americain-medias-presse-info\/","title":{"rendered":"Des snipers de Ma\u00efdan t\u00e9moignent \u00e0 la TV italienne que les commanditaires de la tuerie \u00e9taient dans le camp am\u00e9ricain (medias-presse.info)"},"content":{"rendered":"<p style=\"text-align: justify;\"><img decoding=\"async\" loading=\"lazy\" class=\"alignleft wp-image-10146\" src=\"https:\/\/aitia.fr\/erd\/wp-content\/uploads\/2017\/11\/Massacre-Mai\u0308dan-1.jpg\" alt=\"\" width=\"400\" height=\"218\" srcset=\"https:\/\/aitia.fr\/erd\/wp-content\/uploads\/2017\/11\/Massacre-Mai\u0308dan-1.jpg 500w, https:\/\/aitia.fr\/erd\/wp-content\/uploads\/2017\/11\/Massacre-Mai\u0308dan-1-300x164.jpg 300w\" sizes=\"(max-width: 400px) 100vw, 400px\" \/>[<em>Note de l&#8217;administrateur de ce blog : pour quiconque suit l&#8217;actualit\u00e9 avec un zeste d&#8217;esprit critique, ce &#8220;scoop international&#8221; n&#8217;en est pas un, les t\u00e9moignages recueillis ne faisant que confirmer ce que toute personne sens\u00e9e et inform\u00e9e devrait savoir sur le changement de r\u00e9gime \u00e0 Kiev t\u00e9l\u00e9guid\u00e9 par la CIA &#8211; un de plus. Mais ce qui va sans dire va encore mieux en le disant.<\/em>]<\/p>\n<hr \/>\n<p style=\"text-align: justify;\">C\u2019est un scoop international, un documentaire \u00e0 couper le souffle, diffus\u00e9 sur la chaine italienne Canale 5 en novembre 2017 : Gian Micalessin a retrouv\u00e9 trois tireurs d\u2019\u00e9lite, trois responsables du massacre de la place Ma\u00efdan, qui &#8211; vous le verrez dans le documentaire &#8211; loin d\u2019\u00eatre pro-russes \u00e9taient au contraire sous autorit\u00e9 pro-am\u00e9ricaine.\u00a0Ce documentaire exceptionnel le d\u00e9montre : en Ukraine la tuerie du Ma\u00efdan qui a fait 80 morts et d\u2019innombrables bless\u00e9s, et qui a renvers\u00e9 le pouvoir l\u00e9gitime du pr\u00e9sident Ianoukovytch a bien \u00e9t\u00e9 commandit\u00e9e par les services sp\u00e9ciaux Am\u00e9ricains via leur homme de G\u00e9orgie, Mikha\u00efl Saakachvili.<\/p>\n<p style=\"text-align: justify;\">Un grand reporter de guerre, Gian Micalessin, a obtenu le t\u00e9moignage d\u00e9taill\u00e9 de trois des nombreux snipers (tueurs en fait) qui ont \u00e9t\u00e9 engag\u00e9s en G\u00e9orgie pour se rendre en Ukraine renverser le pouvoir au profit des int\u00e9r\u00eats occidentaux. Ce sont des t\u00e9moignages du massacre &#8211; et de son d\u00e9roulement &#8211; abondamment\u00a0 illustr\u00e9 en fond par les nombreux enregistrements vid\u00e9o d\u2019\u00e9poque, cam\u00e9ras de surveillance et reportages divers. D\u2019autres documents accablants d\u00e9montraient d\u00e9j\u00e0 ce sc\u00e9nario abominable, mais ces trois t\u00e9moignages concordants et amplement argument\u00e9s ne laissent plus subsister le moindre doute. Les spectateurs attentifs seront alert\u00e9s par ce document embl\u00e9matique des diverses r\u00e9volutions de couleurs qui ont frapp\u00e9 les pays d\u2019Europe centrale, embl\u00e9matique aussi des diff\u00e9rents<em> printemps arabes<\/em> qui ont servi \u00e0 renverser certains chefs d\u2019\u00c9tat du Moyen-Orient inaugurant le terrorisme islamique actuel, jusqu\u2019\u00e0 la volont\u00e9 aujourd\u2019hui des Am\u00e9ricains de saboter les n\u00e9gociations de paix de Gen\u00e8ve sur la Syrie ainsi que le r\u00e9v\u00e8le <a href=\"https:\/\/www.medias-presse.info\/les-usa-fragilises-au-moyen-orient-prets-a-risquer-un-conflit-mondial-pour-asservir-la-syrie-a-leurs-interets\/83832\/\">notre pr\u00e9c\u00e9dent article.<\/a><\/p>\n<p style=\"text-align: justify;\"><strong>Au cours de son reportage, Gian Micalessin donne alternativement la parole \u00e0 ses trois t\u00e9moins en fonction de la chronologie des \u00e9v\u00e9nements, chacun les ayant v\u00e9cu de son c\u00f4t\u00e9 :<\/strong><\/p>\n<p style=\"text-align: center;\"><iframe loading=\"lazy\" src=\"\/\/www.dailymotion.com\/embed\/video\/x6a1gxp\" width=\"640\" height=\"360\" frameborder=\"0\" allowfullscreen=\"allowfullscreen\"><\/iframe><\/p>\n<p style=\"text-align: justify;\">Ci-dessous l\u2019enregistrement de la conversation capt\u00e9e, 5 jours apr\u00e8s les massacres de la place Ma\u00efdan, entre le ministre d\u2019Estonie, Urmas Paet et Catherine Ashton, ministre des Affaires \u00e9trang\u00e8res de l\u2019UE ; Urmas Paet revenant de Kiev apr\u00e8s le massacre a \u00e9t\u00e9 le premier \u00e0 contester la version officielle et obligatoire diffus\u00e9e jusqu\u2019\u00e0 aujourd\u2019hui par les m\u00e9dias occidentaux. Micalessin fait r\u00e9f\u00e9rence dans son reportage ci-dessus, \u00e0 cette conversation accablante pour la version officielle :<\/p>\n<p style=\"text-align: center;\"><iframe loading=\"lazy\" src=\"https:\/\/www.youtube.com\/embed\/dbTBOVJxH2I\" width=\"640\" height=\"360\" frameborder=\"0\" allowfullscreen=\"allowfullscreen\"><span style=\"display: inline-block; width: 0px; overflow: hidden; line-height: 0;\" data-mce-type=\"bookmark\" class=\"mce_SELRES_start\">\ufeff<\/span><\/iframe><\/p>\n<p>Ci-apr\u00e8s le script int\u00e9gral du documentaire de Gian Micalessin diffus\u00e9 en novembre 2017 sur la chaine de TV italienne Canale 5, suivi du t\u00e9moignage de Vladimir Poutine sur le sujet :<\/p>\n<p><a href=\"https:\/\/www.medias-presse.info\/ukraine-des-snipers-de-maidan-temoignent-a-la-tv-italienne-que-les-commanditaires-de-la-tuerie-etaient-dans-le-camp-americain\/83986\/\" target=\"_blank\" rel=\"noopener noreferrer\">Continuer la lecture sur medias-presse.info \u27f6<\/a><\/p>\n<p>Voir aussi, en relation avec la crise ukrainienne, sur ce blog (esprits sensibles s&#8217;abstenir) :<\/p>\n<ul>\n<li><a href=\"https:\/\/aitia.fr\/erd\/assassinat-de-nemtsov-et-si-on-reparlait-du-vol-mh17\/\" target=\"_blank\" rel=\"noopener\">Assassinat de Nemtsov : et si on reparlait du vol MH17 ?<\/a><\/li>\n<li><a href=\"https:\/\/aitia.fr\/erd\/ciel-bleu-gilet-jaune-et-mh17\/\" target=\"_blank\" rel=\"noopener\">Ciel bleu, gilet jaune et MH17<\/a><\/li>\n<li><a href=\"https:\/\/aitia.fr\/erd\/la-valise-miraculeuse-le-veto-russe-et-loccident-qui-regardait-ailleurs\/\" target=\"_blank\" rel=\"noopener\">La valise miraculeuse, le veto russe et l&#8217;Occident qui regardait ailleurs<\/a><\/li>\n<\/ul>\n","protected":false},"excerpt":{"rendered":"<p>[Note de l&#8217;administrateur de ce blog : pour quiconque suit l&#8217;actualit\u00e9 avec un zeste d&#8217;esprit critique, ce &#8220;scoop international&#8221; n&#8217;en est pas un, les t\u00e9moignages recueillis ne faisant que confirmer ce que toute personne sens\u00e9e et inform\u00e9e devrait savoir sur le changement de r\u00e9gime \u00e0 Kiev t\u00e9l\u00e9guid\u00e9 par la CIA &#8211; un de plus. Mais [&hellip;]<\/p>\n","protected":false},"author":1,"featured_media":0,"comment_status":"open","ping_status":"open","sticky":false,"template":"","format":"standard","meta":[],"categories":[4,134,29],"tags":[828,231,156,827,825,286,826,158],"_links":{"self":[{"href":"https:\/\/aitia.fr\/erd\/wp-json\/wp\/v2\/posts\/10142"}],"collection":[{"href":"https:\/\/aitia.fr\/erd\/wp-json\/wp\/v2\/posts"}],"about":[{"href":"https:\/\/aitia.fr\/erd\/wp-json\/wp\/v2\/types\/post"}],"author":[{"embeddable":true,"href":"https:\/\/aitia.fr\/erd\/wp-json\/wp\/v2\/users\/1"}],"replies":[{"embeddable":true,"href":"https:\/\/aitia.fr\/erd\/wp-json\/wp\/v2\/comments?post=10142"}],"version-history":[{"count":8,"href":"https:\/\/aitia.fr\/erd\/wp-json\/wp\/v2\/posts\/10142\/revisions"}],"predecessor-version":[{"id":10152,"href":"https:\/\/aitia.fr\/erd\/wp-json\/wp\/v2\/posts\/10142\/revisions\/10152"}],"wp:attachment":[{"href":"https:\/\/aitia.fr\/erd\/wp-json\/wp\/v2\/media?parent=10142"}],"wp:term":[{"taxonomy":"category","embeddable":true,"href":"https:\/\/aitia.fr\/erd\/wp-json\/wp\/v2\/categories?post=10142"},{"taxonomy":"post_tag","embeddable":true,"href":"https:\/\/aitia.fr\/erd\/wp-json\/wp\/v2\/tags?post=10142"}],"curies":[{"name":"wp","href":"https:\/\/api.w.org\/{rel}","templated":true}]}}