{"id":10129,"date":"2017-11-25T08:17:38","date_gmt":"2017-11-25T07:17:38","guid":{"rendered":"https:\/\/aitia.fr\/erd\/?p=10129"},"modified":"2017-11-25T08:17:38","modified_gmt":"2017-11-25T07:17:38","slug":"le-meneur-de-lattaque-terroriste-de-barcelone-etait-un-informateur-des-renseignements-espagnol-wsws","status":"publish","type":"post","link":"https:\/\/aitia.fr\/erd\/le-meneur-de-lattaque-terroriste-de-barcelone-etait-un-informateur-des-renseignements-espagnol-wsws\/","title":{"rendered":"Le meneur de l\u2019attaque terroriste de Barcelone \u00e9tait un informateur des renseignements espagnol (WSWS)"},"content":{"rendered":"<p style=\"text-align: justify;\"><a href=\"https:\/\/www.h24info.ma\/monde\/abdelbaki-es-satty-limam-marocain-devenu-lennemi-public-n1-espagne\/\" target=\"_blank\" rel=\"noopener\"><img decoding=\"async\" loading=\"lazy\" class=\"alignleft wp-image-10131 size-medium\" src=\"https:\/\/aitia.fr\/erd\/wp-content\/uploads\/2017\/11\/satty-300x170.jpg\" alt=\"\" width=\"300\" height=\"170\" srcset=\"https:\/\/aitia.fr\/erd\/wp-content\/uploads\/2017\/11\/satty-300x170.jpg 300w, https:\/\/aitia.fr\/erd\/wp-content\/uploads\/2017\/11\/satty-768x435.jpg 768w, https:\/\/aitia.fr\/erd\/wp-content\/uploads\/2017\/11\/satty-600x340.jpg 600w, https:\/\/aitia.fr\/erd\/wp-content\/uploads\/2017\/11\/satty.jpg 1000w\" sizes=\"(max-width: 300px) 100vw, 300px\" \/><\/a>[<em>Note de l&#8217;administrateur de ce blog : une preuve de plus, s&#8217;il en fallait encore, qu&#8217;il n&#8217;existe de terrorisme \u00e0 grande \u00e9chelle qu&#8217;\u00e9tatique, et que la &#8220;guerre contre le terrorisme&#8221; est en r\u00e9alit\u00e9 une guerre <strong>par<\/strong> le terrorisme de l&#8217;oligarchie contre le peuple et sa libert\u00e9, recourant \u00e0 l&#8217;intimidation violente lorsque les m\u00e9thodes &#8220;douces&#8221; de contr\u00f4le de l&#8217;opinion s&#8217;av\u00e8rent insuffisantes du fait de la circulation horizontale de l&#8217;information.<\/em>]<\/p>\n<hr \/>\n<p style=\"text-align: justify;\">Les m\u00e9dias espagnols ont confirm\u00e9 qu\u2019Abdelbaki Es Satty, le cerveau des attentats terroristes du 17 ao\u00fbt 2017 \u00e0 Barcelone \u00e9tait un informateur de la police.<\/p>\n<p style=\"text-align: justify;\">Satty, un trafiquant de drogue directement li\u00e9 aux membres d\u2019Al-Qa\u00efda qui ont men\u00e9 les attentats \u00e0 la bombe du 11 mars 2004 \u00e0 Madrid, aurait fourni des informations et re\u00e7u des paiements des services de renseignements espagnols jusqu\u2019\u00e0 peu de temps avant l\u2019attentat de 2017. Il aurait \u00e9t\u00e9 le chef politique ou religieux des jeunes qui ont perp\u00e9tr\u00e9 les attentats de Barcelone, au cours desquels 16 personnes sont mortes et 152 ont \u00e9t\u00e9 bless\u00e9es. Satty lui-m\u00eame est mort peu de temps avant les attentats, lorsque de grandes bombes artisanales qu\u2019ils pr\u00e9paraient dans une maison d\u2019Alcanar ont accidentellement explos\u00e9.<\/p>\n<p style=\"text-align: justify;\">Cette r\u00e9v\u00e9lation remarquable souligne le caract\u00e8re totalement mensonger de l\u2019insistance de la bourgeoisie europ\u00e9enne pour que des attaques profondes contre les droits d\u00e9mocratiques soient n\u00e9cessaires pour mener une \u00ab guerre contre le terrorisme \u00bb. \u00c0 Barcelone, comme avec Charlie Hebdo et l\u2019attentat du 13 novembre \u00e0 Paris, et l\u2019attentat de Manchester le 22 mai, les terroristes \u00e9taient connus \u00e0 la police. Ils ont \u0153uvr\u00e9 pour les services de renseignement et ont \u00e9t\u00e9 les instruments des guerres imp\u00e9rialistes europ\u00e9ennes en Syrie et en Irak, sous protection officielle.<\/p>\n<p><a href=\"https:\/\/www.wsws.org\/fr\/articles\/2017\/11\/21\/barc-n21.html\" target=\"_blank\" rel=\"noopener noreferrer\">Continuer la lecture sur le World Socialist Web Site \u27f6<\/a><\/p>\n<p>Voir \u00e9galement sur ce blog, \u00e0 propos du terrorisme :<\/p>\n<ul>\n<li><a href=\"https:\/\/aitia.fr\/erd\/documents-recemment-declassifies-du-gouvernement-des-usa-loccident-a-favorise-la-creation-de-letat-islamique\/\" target=\"_blank\" rel=\"noopener\">Documents r\u00e9cemment d\u00e9classifi\u00e9s du gouvernement des USA : l\u2019Occident a favoris\u00e9 la cr\u00e9ation de l\u2019\u00c9tat \u201cIslamique\u201d<\/a><\/li>\n<li><a href=\"https:\/\/aitia.fr\/erd\/echec-des-attentats-sous-faux-drapeau-changement-de-paradigme\/\" target=\"_blank\" rel=\"noopener\">\u00c9chec des attentats sous faux drapeau : changement de paradigme ?<\/a><\/li>\n<li><a href=\"https:\/\/aitia.fr\/erd\/pratiques-officielles-du-complot\/\" target=\"_blank\" rel=\"noopener\">Pratiques officielles du complot<\/a><\/li>\n<\/ul>\n","protected":false},"excerpt":{"rendered":"<p>[Note de l&#8217;administrateur de ce blog : une preuve de plus, s&#8217;il en fallait encore, qu&#8217;il n&#8217;existe de terrorisme \u00e0 grande \u00e9chelle qu&#8217;\u00e9tatique, et que la &#8220;guerre contre le terrorisme&#8221; est en r\u00e9alit\u00e9 une guerre par le terrorisme de l&#8217;oligarchie contre le peuple et sa libert\u00e9, recourant \u00e0 l&#8217;intimidation violente lorsque les m\u00e9thodes &#8220;douces&#8221; de [&hellip;]<\/p>\n","protected":false},"author":1,"featured_media":0,"comment_status":"open","ping_status":"open","sticky":false,"template":"","format":"standard","meta":[],"categories":[4,134,29],"tags":[823,822,824,48,71],"_links":{"self":[{"href":"https:\/\/aitia.fr\/erd\/wp-json\/wp\/v2\/posts\/10129"}],"collection":[{"href":"https:\/\/aitia.fr\/erd\/wp-json\/wp\/v2\/posts"}],"about":[{"href":"https:\/\/aitia.fr\/erd\/wp-json\/wp\/v2\/types\/post"}],"author":[{"embeddable":true,"href":"https:\/\/aitia.fr\/erd\/wp-json\/wp\/v2\/users\/1"}],"replies":[{"embeddable":true,"href":"https:\/\/aitia.fr\/erd\/wp-json\/wp\/v2\/comments?post=10129"}],"version-history":[{"count":9,"href":"https:\/\/aitia.fr\/erd\/wp-json\/wp\/v2\/posts\/10129\/revisions"}],"predecessor-version":[{"id":10139,"href":"https:\/\/aitia.fr\/erd\/wp-json\/wp\/v2\/posts\/10129\/revisions\/10139"}],"wp:attachment":[{"href":"https:\/\/aitia.fr\/erd\/wp-json\/wp\/v2\/media?parent=10129"}],"wp:term":[{"taxonomy":"category","embeddable":true,"href":"https:\/\/aitia.fr\/erd\/wp-json\/wp\/v2\/categories?post=10129"},{"taxonomy":"post_tag","embeddable":true,"href":"https:\/\/aitia.fr\/erd\/wp-json\/wp\/v2\/tags?post=10129"}],"curies":[{"name":"wp","href":"https:\/\/api.w.org\/{rel}","templated":true}]}}